{"id":147729,"date":"2025-09-25T09:02:36","date_gmt":"2025-09-25T12:02:36","guid":{"rendered":"https:\/\/diariodamanhapelotas.com.br\/site\/?p=147729"},"modified":"2025-09-25T09:02:36","modified_gmt":"2025-09-25T12:02:36","slug":"prefeitura-de-pelotas-abre-cadastro-para-novos-protetores-de-animais","status":"publish","type":"post","link":"https:\/\/diariodamanhapelotas.com.br\/site\/prefeitura-de-pelotas-abre-cadastro-para-novos-protetores-de-animais\/","title":{"rendered":"Prefeitura de Pelotas abre cadastro para novos protetores de animais"},"content":{"rendered":"<h3 style=\"text-align: center;\"><em>Inscri\u00e7\u00f5es presenciais v\u00e3o de 29 de setembro a 10 de outubro, na sede da SQA<\/em><\/h3>\n<p>A Prefeitura de Pelotas, por meio da Secretaria de Qualidade Ambiental (SQA), abre de 29 de setembro a 10 de outubro o cadastramento presencial de novos protetores de animais. O processo ser\u00e1 realizado na sede da SQA e tem como objetivo fortalecer a rede de volunt\u00e1rios que atuam na causa animal.<\/p>\n<p>O munic\u00edpio definiu o limite de 160 protetores cadastrados. Atualmente, 120 j\u00e1 realizaram o recadastramento neste ano. Dessa forma, as 40 vagas restantes ser\u00e3o priorit\u00e1rias para novos protetores, mas aqueles que perderam o prazo de renova\u00e7\u00e3o da inscri\u00e7\u00e3o tamb\u00e9m poder\u00e3o participar desta sele\u00e7\u00e3o, concorrendo \u00e0s vagas em aberto.<\/p>\n<p>Para se inscrever, \u00e9 necess\u00e1rio ter mais de 18 anos e apresentar documento de identidade (RG), CPF e comprovante de resid\u00eancia e alvar\u00e1 de folha corrida. Al\u00e9m disso, o interessado precisa ser ativo na prote\u00e7\u00e3o animal, pois cada protetor recebe cinco vagas de castra\u00e7\u00e3o a cada 60 dias e deve utiliz\u00e1-las na totalidade.<\/p>\n<p>Segundo o secret\u00e1rio de Qualidade Ambiental, M\u00e1rcio Souza, a iniciativa valoriza o trabalho da rede de protetores e amplia a pol\u00edtica p\u00fablica voltada aos animais. \u201cOs protetores s\u00e3o parceiros fundamentais do munic\u00edpio. Eles ajudam a garantir que as vagas de castra\u00e7\u00e3o cheguem a quem mais precisa e contribuem para reduzir o n\u00famero de animais em situa\u00e7\u00e3o de vulnerabilidade\u201d, afirmou.<\/p>\n<p>O programa j\u00e1 possibilitou a realiza\u00e7\u00e3o de 3.253 castra\u00e7\u00f5es gratuitas de janeiro at\u00e9 setembro deste ano, sendo 1.237 cadelas, 314 c\u00e3es, 1.162 gatas e 540 gatos.<\/p>\n<p>Al\u00e9m dos protetores, o programa tamb\u00e9m contempla tutores de baixa renda, que podem se cadastrar a qualquer momento comprovando estar inscrito no Cadastro \u00danico. Nesse caso, cada tutor tem direito at\u00e9 cinco castra\u00e7\u00f5es gratuitas, destinadas exclusivamente a seus animais.<\/p>\n<p>Foto: Paula Schild Mascarenhas<\/p>\n","protected":false},"excerpt":{"rendered":"<p>Inscri\u00e7\u00f5es presenciais v\u00e3o de 29 de setembro a 10 de outubro, na sede da SQA A Prefeitura de Pelotas, por meio da Secretaria de Qualidade Ambiental (SQA), abre de 29<\/p>\n","protected":false},"author":3,"featured_media":147730,"comment_status":"closed","ping_status":"closed","sticky":false,"template":"","format":"standard","meta":[],"categories":[305,149],"tags":[],"_links":{"self":[{"href":"https:\/\/diariodamanhapelotas.com.br\/site\/wp-json\/wp\/v2\/posts\/147729"}],"collection":[{"href":"https:\/\/diariodamanhapelotas.com.br\/site\/wp-json\/wp\/v2\/posts"}],"about":[{"href":"https:\/\/diariodamanhapelotas.com.br\/site\/wp-json\/wp\/v2\/types\/post"}],"author":[{"embeddable":true,"href":"https:\/\/diariodamanhapelotas.com.br\/site\/wp-json\/wp\/v2\/users\/3"}],"replies":[{"embeddable":true,"href":"https:\/\/diariodamanhapelotas.com.br\/site\/wp-json\/wp\/v2\/comments?post=147729"}],"version-history":[{"count":1,"href":"https:\/\/diariodamanhapelotas.com.br\/site\/wp-json\/wp\/v2\/posts\/147729\/revisions"}],"predecessor-version":[{"id":147731,"href":"https:\/\/diariodamanhapelotas.com.br\/site\/wp-json\/wp\/v2\/posts\/147729\/revisions\/147731"}],"wp:featuredmedia":[{"embeddable":true,"href":"https:\/\/diariodamanhapelotas.com.br\/site\/wp-json\/wp\/v2\/media\/147730"}],"wp:attachment":[{"href":"https:\/\/diariodamanhapelotas.com.br\/site\/wp-json\/wp\/v2\/media?parent=147729"}],"wp:term":[{"taxonomy":"category","embeddable":true,"href":"https:\/\/diariodamanhapelotas.com.br\/site\/wp-json\/wp\/v2\/categories?post=147729"},{"taxonomy":"post_tag","embeddable":true,"href":"https:\/\/diariodamanhapelotas.com.br\/site\/wp-json\/wp\/v2\/tags?post=147729"}],"curies":[{"name":"wp","href":"https:\/\/api.w.org\/{rel}","templated":true}]}}