{"id":147732,"date":"2025-09-25T09:53:18","date_gmt":"2025-09-25T12:53:18","guid":{"rendered":"https:\/\/diariodamanhapelotas.com.br\/site\/?p=147732"},"modified":"2025-09-25T09:53:18","modified_gmt":"2025-09-25T12:53:18","slug":"sem-data-para-reabrir-ppci-do-theatro-sete-de-abril-esta-tramitando","status":"publish","type":"post","link":"https:\/\/diariodamanhapelotas.com.br\/site\/sem-data-para-reabrir-ppci-do-theatro-sete-de-abril-esta-tramitando\/","title":{"rendered":"Sem data para reabrir, PPCI do Theatro Sete de Abril est\u00e1 tramitando"},"content":{"rendered":"<h3 style=\"text-align: center;\"><em>Secult providencia levantamento para a segunda etapa da instala\u00e7\u00e3o el\u00e9trica e or\u00e7amentos de reparos gerais de manuten\u00e7\u00e3o\u00a0<\/em><\/h3>\n<p>O Departamento de Mem\u00f3ria e Patrim\u00f4nio da Secretaria de Cultura (Secult) trabalha contra o tempo para agilizar as etapas que ainda faltam para que o Theatro Sete de Abril, casa de espet\u00e1culos gerida pelo governo municipal, possa reabrir suas portas o quanto antes \u00e0 comunidade pelotense e visitantes, ap\u00f3s mais de 15 anos fechadas. Nas \u00faltimas semanas, o maior avan\u00e7o foi na execu\u00e7\u00e3o do Plano de Preven\u00e7\u00e3o Contra Inc\u00eandios (PPCI), uma das etapas essenciais para a reabertura.<\/p>\n<p>Com um or\u00e7amento de cerca de R$ 44 mil, recursos doados ao Theatro pelo Minist\u00e9rio P\u00fablico Estadual, a empresa Dias Gomes, vencedora do processo licitat\u00f3rio, fez a instala\u00e7\u00e3o de lumin\u00e1rias de emerg\u00eancia, balizadores, placas indicativas, extintores de inc\u00eandio, laudos t\u00e9cnicos e plano de emerg\u00eancia. Para a conclus\u00e3o do PPCI, resta a \u00faltima etapa do funcionamento do reservat\u00f3rio de \u00e1gua, acionado em casos de inc\u00eandios, que est\u00e1 sendo providenciada.<\/p>\n<h4 style=\"text-align: center;\"><strong>Energia El\u00e9trica<\/strong><\/h4>\n<p>O projeto da segunda etapa da instala\u00e7\u00e3o el\u00e9trica do Sete de Abril, que tamb\u00e9m \u00e9 primordial para a sua reabertura, est\u00e1 em fase de atualiza\u00e7\u00e3o. A diretora de Mem\u00f3ria e Patrim\u00f4nio, Simone Delanoy, disse que est\u00e3o sendo verificados todos os circuitos e feito o levantamento da quantidade de fia\u00e7\u00e3o que foi roubada, no ano passado. Ap\u00f3s a conclus\u00e3o do projeto, deve ser feito o or\u00e7amento para, ent\u00e3o, ser realizado o processo licitat\u00f3rio que ir\u00e1 definir a empresa que far\u00e1 a sua execu\u00e7\u00e3o.<\/p>\n<p><img loading=\"lazy\" class=\" wp-image-147733 aligncenter\" src=\"https:\/\/diariodamanhapelotas.com.br\/site\/wp-content\/uploads\/2025\/09\/theatro-sete-de-abril-1.jpg\" alt=\"\" width=\"671\" height=\"447\" srcset=\"https:\/\/diariodamanhapelotas.com.br\/site\/wp-content\/uploads\/2025\/09\/theatro-sete-de-abril-1.jpg 800w, https:\/\/diariodamanhapelotas.com.br\/site\/wp-content\/uploads\/2025\/09\/theatro-sete-de-abril-1-300x200.jpg 300w, https:\/\/diariodamanhapelotas.com.br\/site\/wp-content\/uploads\/2025\/09\/theatro-sete-de-abril-1-150x100.jpg 150w, https:\/\/diariodamanhapelotas.com.br\/site\/wp-content\/uploads\/2025\/09\/theatro-sete-de-abril-1-768x512.jpg 768w\" sizes=\"(max-width: 671px) 100vw, 671px\" \/><\/p>\n<h4 style=\"text-align: center;\"><strong>Manuten\u00e7\u00e3o e Conserva\u00e7\u00e3o<\/strong><\/h4>\n<p>Al\u00e9m das \u00faltimas etapas da instala\u00e7\u00e3o el\u00e9trica e do PPCI e da Caixa C\u00eanica, cujo processo est\u00e1 em andamento, a Secult informa que est\u00e3o sendo providenciados or\u00e7amentos de diversos reparos na parte f\u00edsica do Theatro, que acabou por se deteriorar por ter ficado fechado e sem manuten\u00e7\u00e3o desde 2022, quando foi conclu\u00eddo o restauro do pr\u00e9dio hist\u00f3rico. Simone adiantou que ser\u00e1 preciso refazer a pintura interna, parte do assoalho de uma escada, trocar a frente do palco (de madeira, que apodreceu no per\u00edodo em que havia goteiras \u2013 reparadas no primeiro semestre), trocar parte de forros de gesso e colocar gradil para fechar as visitas das lajes t\u00e9cnicas.<\/p>\n<p><img loading=\"lazy\" class=\" wp-image-147735 aligncenter\" src=\"https:\/\/diariodamanhapelotas.com.br\/site\/wp-content\/uploads\/2025\/09\/theatro-sete-de-abril-2.jpg\" alt=\"\" width=\"675\" height=\"335\" srcset=\"https:\/\/diariodamanhapelotas.com.br\/site\/wp-content\/uploads\/2025\/09\/theatro-sete-de-abril-2.jpg 800w, https:\/\/diariodamanhapelotas.com.br\/site\/wp-content\/uploads\/2025\/09\/theatro-sete-de-abril-2-300x149.jpg 300w, https:\/\/diariodamanhapelotas.com.br\/site\/wp-content\/uploads\/2025\/09\/theatro-sete-de-abril-2-150x74.jpg 150w, https:\/\/diariodamanhapelotas.com.br\/site\/wp-content\/uploads\/2025\/09\/theatro-sete-de-abril-2-768x381.jpg 768w\" sizes=\"(max-width: 675px) 100vw, 675px\" \/><\/p>\n<h4 style=\"text-align: center;\"><strong>N\u00e3o vai reabrir t\u00e3o cedo<\/strong><\/h4>\n<p>Apesar de estar em obras de restauro desde 2013, ainda s\u00e3o necess\u00e1rios recursos estimados em R$ 5 milh\u00f5es para interven\u00e7\u00f5es emergenciais, algumas j\u00e1 em processo licitat\u00f3rio. Outras a\u00e7\u00f5es importantes voltadas para a reabertura n\u00e3o t\u00eam previs\u00e3o de licita\u00e7\u00e3o, dota\u00e7\u00e3o or\u00e7ament\u00e1ria e nem recursos para execut\u00e1-las. A situa\u00e7\u00e3o impede o governo de estabelecer um prazo para entregar o espa\u00e7o \u00e0 comunidade pelotense.<\/p>\n<p>\u201cEstamos muito tristes com a situa\u00e7\u00e3o. H\u00e1 muitos desafios ainda para a popula\u00e7\u00e3o contar novamente com o Sete de Abril. Ele n\u00e3o pode funcionar sem climatiza\u00e7\u00e3o por conta do PPCI, que n\u00e3o est\u00e1 completo, a instala\u00e7\u00e3o el\u00e9trica foi feita pela metade e, na quest\u00e3o de som e luz, estamos na estaca zero\u201d, lamentou o prefeito Fernando Marroni.<\/p>\n<p>Fotos: Manuela Santos<\/p>\n","protected":false},"excerpt":{"rendered":"<p>Secult providencia levantamento para a segunda etapa da instala\u00e7\u00e3o el\u00e9trica e or\u00e7amentos de reparos gerais de manuten\u00e7\u00e3o\u00a0 O Departamento de Mem\u00f3ria e Patrim\u00f4nio da Secretaria de Cultura (Secult) trabalha contra<\/p>\n","protected":false},"author":3,"featured_media":147734,"comment_status":"closed","ping_status":"closed","sticky":false,"template":"","format":"standard","meta":[],"categories":[305,32],"tags":[],"_links":{"self":[{"href":"https:\/\/diariodamanhapelotas.com.br\/site\/wp-json\/wp\/v2\/posts\/147732"}],"collection":[{"href":"https:\/\/diariodamanhapelotas.com.br\/site\/wp-json\/wp\/v2\/posts"}],"about":[{"href":"https:\/\/diariodamanhapelotas.com.br\/site\/wp-json\/wp\/v2\/types\/post"}],"author":[{"embeddable":true,"href":"https:\/\/diariodamanhapelotas.com.br\/site\/wp-json\/wp\/v2\/users\/3"}],"replies":[{"embeddable":true,"href":"https:\/\/diariodamanhapelotas.com.br\/site\/wp-json\/wp\/v2\/comments?post=147732"}],"version-history":[{"count":1,"href":"https:\/\/diariodamanhapelotas.com.br\/site\/wp-json\/wp\/v2\/posts\/147732\/revisions"}],"predecessor-version":[{"id":147736,"href":"https:\/\/diariodamanhapelotas.com.br\/site\/wp-json\/wp\/v2\/posts\/147732\/revisions\/147736"}],"wp:featuredmedia":[{"embeddable":true,"href":"https:\/\/diariodamanhapelotas.com.br\/site\/wp-json\/wp\/v2\/media\/147734"}],"wp:attachment":[{"href":"https:\/\/diariodamanhapelotas.com.br\/site\/wp-json\/wp\/v2\/media?parent=147732"}],"wp:term":[{"taxonomy":"category","embeddable":true,"href":"https:\/\/diariodamanhapelotas.com.br\/site\/wp-json\/wp\/v2\/categories?post=147732"},{"taxonomy":"post_tag","embeddable":true,"href":"https:\/\/diariodamanhapelotas.com.br\/site\/wp-json\/wp\/v2\/tags?post=147732"}],"curies":[{"name":"wp","href":"https:\/\/api.w.org\/{rel}","templated":true}]}}