{"id":147753,"date":"2025-09-26T02:15:27","date_gmt":"2025-09-26T05:15:27","guid":{"rendered":"https:\/\/diariodamanhapelotas.com.br\/site\/?p=147753"},"modified":"2025-09-26T02:15:27","modified_gmt":"2025-09-26T05:15:27","slug":"longa-metragem-pelotense-o-lado-obscuro-da-luna-estreia-no-dia-4-de-outubro-no-largo-do-mercado","status":"publish","type":"post","link":"https:\/\/diariodamanhapelotas.com.br\/site\/longa-metragem-pelotense-o-lado-obscuro-da-luna-estreia-no-dia-4-de-outubro-no-largo-do-mercado\/","title":{"rendered":"Longa-metragem pelotense \u201cO Lado Obscuro da Luna\u201d estreia no dia 4 de outubro no Largo do Mercado"},"content":{"rendered":"<h3 style=\"text-align: center;\"><em>O longa-metragem \u201cO Lado Obscuro da Luna\u201d estreia em exibi\u00e7\u00e3o gratuita, aberta ao p\u00fablico, \u00e0s 20h30.<\/em><\/h3>\n<p dir=\"auto\">Na noite de s\u00e1bado (4), haver\u00e1 uma sess\u00e3o de cinema ao ar livre, gratuita e aberta ao p\u00fablico, no Largo do Mercado Central. A Prefeitura de Pelotas, por meio das secretarias de Cultura (Secult) e de Comunica\u00e7\u00e3o (Secom), \u00e9 apoiadora da exibi\u00e7\u00e3o de estreia do longa-metragem pelotense \u201cO Lado Obscuro da Luna\u201d, escrito e dirigido por Pedro Fassa, realizado por sua produtora, Phantasia Audiovisual. A exibi\u00e7\u00e3o come\u00e7a \u00e0s 20h30min. Haver\u00e1 cadeiras para o p\u00fablico, mas quem puder deve levar cadeira de praia, para garantir o seu conforto.<\/p>\n<p dir=\"auto\">Com classifica\u00e7\u00e3o indicativa de 12 anos, devido \u00e0 viol\u00eancia e linguagem forte, o filme aborda a adultiza\u00e7\u00e3o nas redes sociais e o potencial que estes espa\u00e7os t\u00eam para gerar v\u00edcios.<\/p>\n<blockquote>\n<p dir=\"auto\">\u201cDecidimos estrear em uma sess\u00e3o aberta porque \u00e9 uma discuss\u00e3o que diz respeito a todos, extremamente relevante nos dias de hoje. Todo mundo tem um celular no bolso e isso tem seu lado bom e ruim, especialmente para as crian\u00e7as, adolescentes e jovens adultos. Nosso filme busca retratar ambas as facetas\u201d, diz Fassa.<\/p>\n<\/blockquote>\n<p dir=\"auto\">O diretor de 25 anos \u00e9 formado em Cinema &amp; Audiovisual pela Universidade Federal de Pelotas (UFPel), com p\u00f3s-gradua\u00e7\u00e3o pela New York Film Academy, de Nova Iorque\/EUA. O \u201cO Lado Obscuro da Luna\u201d \u00e9 seu primeiro longa, mas Fassa tem no curr\u00edculo a dire\u00e7\u00e3o de dois curtas: o premiado &#8220;Pelotas Fant\u00e1stica&#8221;, sobre a artista pelotense Fernanda Moreira; e &#8220;Amor&#8221;, ambos produzidos na UFPel. O jovem tamb\u00e9m dirigiu a pe\u00e7a &#8220;Filth&#8221;, montada em Nova Iorque e atuou em pe\u00e7as de teatro e curta-metragens.<\/p>\n<div id=\"attachment_147755\" style=\"width: 261px\" class=\"wp-caption alignright\"><img aria-describedby=\"caption-attachment-147755\" loading=\"lazy\" class=\"wp-image-147755 size-medium\" src=\"https:\/\/diariodamanhapelotas.com.br\/site\/wp-content\/uploads\/2025\/09\/bc1ab952d134fe4d5061ad5e571e5950d3516264-251x300.jpg\" alt=\"\" width=\"251\" height=\"300\" srcset=\"https:\/\/diariodamanhapelotas.com.br\/site\/wp-content\/uploads\/2025\/09\/bc1ab952d134fe4d5061ad5e571e5950d3516264-251x300.jpg 251w, https:\/\/diariodamanhapelotas.com.br\/site\/wp-content\/uploads\/2025\/09\/bc1ab952d134fe4d5061ad5e571e5950d3516264-125x150.jpg 125w, https:\/\/diariodamanhapelotas.com.br\/site\/wp-content\/uploads\/2025\/09\/bc1ab952d134fe4d5061ad5e571e5950d3516264.jpg 474w\" sizes=\"(max-width: 251px) 100vw, 251px\" \/><p id=\"caption-attachment-147755\" class=\"wp-caption-text\">Arte de Isabele Scherdien<\/p><\/div>\n<h4 dir=\"auto\" style=\"text-align: center;\"><strong>Sinopse<\/strong><\/h4>\n<p dir=\"auto\">\u201cO canal infantil de sucesso internacional \u2018Mundo de Luna\u2019 sofre um fim m\u00f3rbido quando a estrela mirim perde interesse pelo conte\u00fado. Cinco anos depois, um jovem influenciador revisita o que aconteceu por tr\u00e1s das c\u00e2meras, enquanto lida com um ir\u00f4nico v\u00edcio e esconde o seu envolvimento no caso.&#8221;<\/p>\n<h4 dir=\"auto\" style=\"text-align: center;\"><strong>Ficha T\u00e9cnica<\/strong><\/h4>\n<p dir=\"auto\">A jovem atriz Lis Neuwald interpreta a protagonista Luna, uma influencer mirim. O elenco tamb\u00e9m traz Jo\u00e3o Dolinski, Lisiani Rotta, Alfredo Tillmann e Dhiule Volz. A equipe t\u00e9cnica conta com Alice Gastaldon e Lorenzo Lenz no departamento de c\u00e2mera; May Pagliuso como designer de produ\u00e7\u00e3o; Isabele Scherdien na identidade visual da campanha publicit\u00e1ria do filme; Renan Sosa e Felipe Bunilha assinam a trilha sonora e Tabata Gastal e a cineasta veterana Ana Carril, a produ\u00e7\u00e3o executiva. O filme teve apoio das empresas Camale\u00e3o Fantasias e Cannil Lanches.<\/p>\n<p dir=\"auto\">O longa tem previs\u00e3o de sess\u00f5es em Cangu\u00e7u, S\u00e3o Louren\u00e7o do Sul e Rio Grande. Assista o trailer <a href=\"https:\/\/lodl.carrd.co\/\" target=\"_blank\" rel=\"noopener noreferrer\">aqui.<\/a><\/p>\n","protected":false},"excerpt":{"rendered":"<p>O longa-metragem \u201cO Lado Obscuro da Luna\u201d estreia em exibi\u00e7\u00e3o gratuita, aberta ao p\u00fablico, \u00e0s 20h30. Na noite de s\u00e1bado (4), haver\u00e1 uma sess\u00e3o de cinema ao ar livre, gratuita<\/p>\n","protected":false},"author":34,"featured_media":147754,"comment_status":"closed","ping_status":"closed","sticky":false,"template":"","format":"standard","meta":[],"categories":[305,149],"tags":[],"_links":{"self":[{"href":"https:\/\/diariodamanhapelotas.com.br\/site\/wp-json\/wp\/v2\/posts\/147753"}],"collection":[{"href":"https:\/\/diariodamanhapelotas.com.br\/site\/wp-json\/wp\/v2\/posts"}],"about":[{"href":"https:\/\/diariodamanhapelotas.com.br\/site\/wp-json\/wp\/v2\/types\/post"}],"author":[{"embeddable":true,"href":"https:\/\/diariodamanhapelotas.com.br\/site\/wp-json\/wp\/v2\/users\/34"}],"replies":[{"embeddable":true,"href":"https:\/\/diariodamanhapelotas.com.br\/site\/wp-json\/wp\/v2\/comments?post=147753"}],"version-history":[{"count":1,"href":"https:\/\/diariodamanhapelotas.com.br\/site\/wp-json\/wp\/v2\/posts\/147753\/revisions"}],"predecessor-version":[{"id":147756,"href":"https:\/\/diariodamanhapelotas.com.br\/site\/wp-json\/wp\/v2\/posts\/147753\/revisions\/147756"}],"wp:featuredmedia":[{"embeddable":true,"href":"https:\/\/diariodamanhapelotas.com.br\/site\/wp-json\/wp\/v2\/media\/147754"}],"wp:attachment":[{"href":"https:\/\/diariodamanhapelotas.com.br\/site\/wp-json\/wp\/v2\/media?parent=147753"}],"wp:term":[{"taxonomy":"category","embeddable":true,"href":"https:\/\/diariodamanhapelotas.com.br\/site\/wp-json\/wp\/v2\/categories?post=147753"},{"taxonomy":"post_tag","embeddable":true,"href":"https:\/\/diariodamanhapelotas.com.br\/site\/wp-json\/wp\/v2\/tags?post=147753"}],"curies":[{"name":"wp","href":"https:\/\/api.w.org\/{rel}","templated":true}]}}