{"id":147757,"date":"2025-09-26T02:19:22","date_gmt":"2025-09-26T05:19:22","guid":{"rendered":"https:\/\/diariodamanhapelotas.com.br\/site\/?p=147757"},"modified":"2025-09-26T02:19:22","modified_gmt":"2025-09-26T05:19:22","slug":"pelotas-esta-apta-a-receber-r-5-milhoes-para-o-museu-da-cidade","status":"publish","type":"post","link":"https:\/\/diariodamanhapelotas.com.br\/site\/pelotas-esta-apta-a-receber-r-5-milhoes-para-o-museu-da-cidade\/","title":{"rendered":"Pelotas est\u00e1 apta a receber R$ 5 milh\u00f5es para o Museu da Cidade"},"content":{"rendered":"<h3 style=\"text-align: center;\"><em>Iphan aprovou projeto de reparos emergenciais e obra de adapta\u00e7\u00e3o da Casa Seis, que ser\u00e1 realizada com recursos do MinC, via Novo PAC<\/em><\/h3>\n<p>Nesta semana, a Prefeitura de Pelotas recebeu a not\u00edcia da aprova\u00e7\u00e3o, pelo Instituto do Patrim\u00f4nio Hist\u00f3rico e Art\u00edstico Nacional (Iphan), em todas as inst\u00e2ncias, do projeto para a realiza\u00e7\u00e3o da Obra de Implanta\u00e7\u00e3o do Museu da Cidade &#8211; a\u00e7\u00e3o integrante do Novo PAC (Programa de Acelera\u00e7\u00e3o do Crescimento).<\/p>\n<p dir=\"auto\">A primeira etapa da implanta\u00e7\u00e3o do Museu da Cidade prev\u00ea reparos emergenciais na Casa Seis, de danos causados pela falta de uso, e obra f\u00edsica para fazer as adapta\u00e7\u00f5es necess\u00e1rias para o pr\u00e9dio hist\u00f3rico abrigar o Museu. A Secretaria de Cultura (Secult) prepara o edital para licitar a contrata\u00e7\u00e3o da obra.<\/p>\n<p dir=\"auto\">Or\u00e7ada em pouco mais de R$ 5 milh\u00f5es, a obra prev\u00ea servi\u00e7os de restauro da cobertura, recupera\u00e7\u00e3o de esquadrias e patologias e instala\u00e7\u00f5es de PPCI, el\u00e9trica, luminot\u00e9cnico, hidrosanit\u00e1rias, sonoriza\u00e7\u00e3o, alarme, acessibilidade, sistema de prote\u00e7\u00e3o contra descargas atmosf\u00e9ricas (spda) e climatiza\u00e7\u00e3o, entre outras.<\/p>\n<p dir=\"auto\">Em abril, a secret\u00e1ria de Cultura, Carmem Vera Roig, levou \u00e0 Casa Seis integrantes Iphan do Distrito Federal e dos escrit\u00f3rios do Rio Grande do Sul (Porto Alegre) e local, que estavam visitando as cidades contempladas pelo Novo PAC, para que vissem as condi\u00e7\u00f5es do pr\u00e9dio e a necessidade de reparos urgentes.<\/p>\n<h4 dir=\"auto\" style=\"text-align: center;\"><strong>Segunda etapa<\/strong><\/h4>\n<p dir=\"auto\">A obra completa de implanta\u00e7\u00e3o do Museu da Cidade est\u00e1 or\u00e7ada em R$ 13 milh\u00f5es. Equipe da Secult trabalha nos projetos da segunda etapa, que incluem: Museografia, com prepara\u00e7\u00e3o das salas: Pra\u00e7a das Artes, Panor\u00e2mica, Memorial da Casa, Hist\u00f3ria Animada, Mem\u00f3rias do Esquecimento e Labirinto de Objetos, aquisi\u00e7\u00e3o de equipamentos tecnol\u00f3gicos e mobili\u00e1rio; comunica\u00e7\u00f5es visuais e sensoriais; e montagem do material que ficar\u00e1 em exposi\u00e7\u00e3o. O projeto prev\u00ea, ainda, a forma\u00e7\u00e3o de um Centro de Documenta\u00e7\u00e3o e Refer\u00eancia sobre a hist\u00f3ria do munic\u00edpio e do estado, focado na produ\u00e7\u00e3o historiogr\u00e1fica, musical e cinematogr\u00e1fica local e regional.<\/p>\n<h4 dir=\"auto\" style=\"text-align: center;\">Sobre o Museu da Cidade<\/h4>\n<p dir=\"auto\">O projeto do Museu da Cidade contou com uma equipe multidisciplinar, formada por especialistas com trabalhos significativos em suas respectivas \u00e1reas do conhecimento &#8211; antrop\u00f3logos, soci\u00f3logos, historiadores, muse\u00f3logos, especialistas em literatura, ec\u00f3logos, cineastas, m\u00fasicos, pesquisadores, artistas gr\u00e1ficos, arquitetos, especialistas em tecnologia de museus, cen\u00f3grafos e outros profissionais de Pelotas e de outras partes do pa\u00eds<\/p>\n<h4 dir=\"auto\" style=\"text-align: center;\"><strong>Especialistas e pesquisadores envolvidos no projeto:<\/strong><\/h4>\n<p dir=\"auto\">Curadoria e dire\u00e7\u00e3o de cria\u00e7\u00e3o: Isa Grinspum Ferraz<\/p>\n<p dir=\"auto\">Curador assistente: Helena Tassara<\/p>\n<p dir=\"auto\">Arquitetura, conserva\u00e7\u00e3o\/restaura\u00e7\u00e3o e expografia: Marcelo Carvalho Ferraz e Francisco Fanucchi \/ Brasil Arquitetur<\/p>\n<p dir=\"auto\">Museologia: Cec\u00edlia de Lourdes Fernandes Machado \/ COREM 0128-II (a partir de projeto elaborado em 2011 por Giovana Garcia Marcon \/ COREM 0134-I e Rafael Macedo Zitzke \/ COREM 0137-I).<\/p>\n<p dir=\"auto\">Hist\u00f3ria e antropologia: Prof. Dr. L\u00facio Menezes Ferreira \/ UFPel<\/p>\n<p dir=\"auto\">Arqueologia: Prof. Dr. Rafael Guedes Milheira \/ UFPel<\/p>\n<p dir=\"auto\">Literatura: Prof. Dr. Aldyr Garcia Schlee \/ UFPel<\/p>\n<p dir=\"auto\">Hist\u00f3ria e iconografia: Prof. Dr. Eduardo Arriada \/ UFPel<\/p>\n<p dir=\"auto\">Express\u00e3o em artes (coordena\u00e7\u00e3o): Prof. Dr. Jos\u00e9 Luiz de Pellegrin \/ UFPel<\/p>\n<p dir=\"auto\">Express\u00e3o em artes: Lauer Alves Nunes dos Santos \/ UFPel<\/p>\n<p dir=\"auto\">Express\u00e3o em artes: Carmen Regina Bauer Diniz \/ UFPel<\/p>\n<p dir=\"auto\">Express\u00e3o em artes \/ mem\u00f3ria gr\u00e1fica: Helena Ara\u00fajo Neves \/ UFPel<\/p>\n<p dir=\"auto\">Arquitetura e hist\u00f3ria da cidade: Ester J. B. Gutierrez \/ UFPelArquitetura e hist\u00f3ria da cidade: Carlos Alberto \u00c1vila Santos \/ UFPe<\/p>\n<p dir=\"auto\">Hist\u00f3ria da m\u00fasica: M\u00e1rio de Souza Maia \/ UFPel<\/p>\n<p dir=\"auto\">Produ\u00e7\u00e3o audiovisual: C\u00edntia Langie e Rafael Andreazza \/ Moviola Filmes<\/p>\n<p dir=\"auto\">Tecnologia expositiva: Peter Lindquist e Nicola Bernardo \/ KJPL<\/p>\n<p dir=\"auto\">Design gr\u00e1fico: Francisco Homem de Melo \/ Homem de Melo &amp; Tr\u00f3ia Design<\/p>\n<p dir=\"auto\">Pesquisa iconogr\u00e1fica e audiovisual: Mem\u00f3ria Coletiva Imagens e Textos.<\/p>\n<h4 dir=\"auto\" style=\"text-align: center;\"><strong>O in\u00edcio<\/strong><\/h4>\n<p dir=\"auto\">A ideia do Museu da Cidade de Pelotas foi criada em 2012, atrav\u00e9s da Lei Municipal n\u00ba 5.952. Em 2013, o Projeto de Cria\u00e7\u00e3o e Implanta\u00e7\u00e3o do Museu da Cidade foi inscrito e aprovado no PAC Cidades Hist\u00f3ricas do Iphan. Em 2014, a Prefeitura contratou o escrit\u00f3rio Texto e Imagem, de S\u00e3o Paulo, para a elabora\u00e7\u00e3o da Curadoria dos Conte\u00fados do museu, do Plano Museol\u00f3gico, do Plano Museogr\u00e1fico, do Projeto de Arquitetura, Conserva\u00e7\u00e3o e Restaura\u00e7\u00e3o do Museu, assim como dos Projetos Complementares de Engenharia para adapta\u00e7\u00e3o do pr\u00e9dio hist\u00f3rico. O projeto foi finalizado em 2016, com aprova\u00e7\u00e3o da Secult e do Iphan.<\/p>\n","protected":false},"excerpt":{"rendered":"<p>Iphan aprovou projeto de reparos emergenciais e obra de adapta\u00e7\u00e3o da Casa Seis, que ser\u00e1 realizada com recursos do MinC, via Novo PAC Nesta semana, a Prefeitura de Pelotas recebeu<\/p>\n","protected":false},"author":34,"featured_media":147758,"comment_status":"closed","ping_status":"closed","sticky":false,"template":"","format":"standard","meta":[],"categories":[305,149],"tags":[],"_links":{"self":[{"href":"https:\/\/diariodamanhapelotas.com.br\/site\/wp-json\/wp\/v2\/posts\/147757"}],"collection":[{"href":"https:\/\/diariodamanhapelotas.com.br\/site\/wp-json\/wp\/v2\/posts"}],"about":[{"href":"https:\/\/diariodamanhapelotas.com.br\/site\/wp-json\/wp\/v2\/types\/post"}],"author":[{"embeddable":true,"href":"https:\/\/diariodamanhapelotas.com.br\/site\/wp-json\/wp\/v2\/users\/34"}],"replies":[{"embeddable":true,"href":"https:\/\/diariodamanhapelotas.com.br\/site\/wp-json\/wp\/v2\/comments?post=147757"}],"version-history":[{"count":1,"href":"https:\/\/diariodamanhapelotas.com.br\/site\/wp-json\/wp\/v2\/posts\/147757\/revisions"}],"predecessor-version":[{"id":147759,"href":"https:\/\/diariodamanhapelotas.com.br\/site\/wp-json\/wp\/v2\/posts\/147757\/revisions\/147759"}],"wp:featuredmedia":[{"embeddable":true,"href":"https:\/\/diariodamanhapelotas.com.br\/site\/wp-json\/wp\/v2\/media\/147758"}],"wp:attachment":[{"href":"https:\/\/diariodamanhapelotas.com.br\/site\/wp-json\/wp\/v2\/media?parent=147757"}],"wp:term":[{"taxonomy":"category","embeddable":true,"href":"https:\/\/diariodamanhapelotas.com.br\/site\/wp-json\/wp\/v2\/categories?post=147757"},{"taxonomy":"post_tag","embeddable":true,"href":"https:\/\/diariodamanhapelotas.com.br\/site\/wp-json\/wp\/v2\/tags?post=147757"}],"curies":[{"name":"wp","href":"https:\/\/api.w.org\/{rel}","templated":true}]}}