{"id":147760,"date":"2025-09-26T08:05:05","date_gmt":"2025-09-26T11:05:05","guid":{"rendered":"https:\/\/diariodamanhapelotas.com.br\/site\/?p=147760"},"modified":"2025-09-26T08:05:05","modified_gmt":"2025-09-26T11:05:05","slug":"celebrando-os-80-anos-de-gal-costa","status":"publish","type":"post","link":"https:\/\/diariodamanhapelotas.com.br\/site\/celebrando-os-80-anos-de-gal-costa\/","title":{"rendered":"Celebrando os 80 anos de Gal Costa"},"content":{"rendered":"<h3 style=\"text-align: center;\"><em>Ao longo de sua carreira lan\u00e7ou mais de 30 \u00e1lbuns de est\u00fadio<\/em><\/h3>\n<p style=\"text-align: center;\"><strong><em>Marcelo Gonzales*<\/em><\/strong><\/p>\n<p style=\"text-align: center;\"><strong><em>@celogonzales @vidadevinil<\/em><\/strong><\/p>\n<p>Hoje, 26 de setembro, Gal Costa completaria 80 anos. E \u00e9 imposs\u00edvel n\u00e3o se emocionar ao pensar na trajet\u00f3ria dessa mulher que foi e continua sendo um \u00edcone da m\u00fasica popular brasileira. Desde que ouvi sua voz pela primeira vez, fui fisgado por sua intensidade, sua delicadeza, sua ousadia. Gal n\u00e3o era apenas uma cantora, ela era uma for\u00e7a da natureza, uma artista que soube transitar por diversos estilos e \u00e9pocas, sempre mantendo sua ess\u00eancia intacta.<\/p>\n<p>Gal Costa nasceu em Salvador, Bahia, em 26 de setembro de 1945. Sua carreira come\u00e7ou nos anos 60, quando se juntou ao movimento Tropic\u00e1lia, ao lado de Caetano Veloso, Gilberto Gil, Tom Z\u00e9 e outros. Seu primeiro \u00e1lbum, Domingo, lan\u00e7ado em 1967, j\u00e1 mostrava sua habilidade em mesclar diferentes influ\u00eancias musicais, do samba ao rock psicod\u00e9lico.<\/p>\n<p><img loading=\"lazy\" class=\" wp-image-147762 aligncenter\" src=\"https:\/\/diariodamanhapelotas.com.br\/site\/wp-content\/uploads\/2025\/09\/gal-costa-caetano-veloso-domingo-1967.jpg\" alt=\"\" width=\"500\" height=\"500\" srcset=\"https:\/\/diariodamanhapelotas.com.br\/site\/wp-content\/uploads\/2025\/09\/gal-costa-caetano-veloso-domingo-1967.jpg 600w, https:\/\/diariodamanhapelotas.com.br\/site\/wp-content\/uploads\/2025\/09\/gal-costa-caetano-veloso-domingo-1967-300x300.jpg 300w, https:\/\/diariodamanhapelotas.com.br\/site\/wp-content\/uploads\/2025\/09\/gal-costa-caetano-veloso-domingo-1967-150x150.jpg 150w\" sizes=\"(max-width: 500px) 100vw, 500px\" \/><\/p>\n<p>Ao longo de sua carreira, Gal lan\u00e7ou mais de 30 \u00e1lbuns de est\u00fadio, incluindo cl\u00e1ssicos como \u00cdndia (1973), Cantar (1974) e Gal Tropical (1979). Sua discografia \u00e9 um reflexo de sua versatilidade e coragem art\u00edstica, sempre disposta a experimentar e se reinventar.<\/p>\n<p>Gal Costa n\u00e3o foi apenas uma int\u00e9rprete; ela foi uma parceira. Trabalhou com nomes como Caetano Veloso, Gilberto Gil, Tom Z\u00e9, Jorge Ben Jor, Rita Lee, Milton Nascimento, entre outros. Sua capacidade de se adaptar e colaborar com diferentes artistas a manteve relevante por d\u00e9cadas.<\/p>\n<p><img loading=\"lazy\" class=\" wp-image-147761 aligncenter\" src=\"https:\/\/diariodamanhapelotas.com.br\/site\/wp-content\/uploads\/2025\/09\/capa-tropicalia.jpg\" alt=\"\" width=\"500\" height=\"490\" srcset=\"https:\/\/diariodamanhapelotas.com.br\/site\/wp-content\/uploads\/2025\/09\/capa-tropicalia.jpg 575w, https:\/\/diariodamanhapelotas.com.br\/site\/wp-content\/uploads\/2025\/09\/capa-tropicalia-300x294.jpg 300w, https:\/\/diariodamanhapelotas.com.br\/site\/wp-content\/uploads\/2025\/09\/capa-tropicalia-150x147.jpg 150w\" sizes=\"(max-width: 500px) 100vw, 500px\" \/><\/p>\n<p>Sua influ\u00eancia vai al\u00e9m dos palcos. Artistas da nova gera\u00e7\u00e3o, como Julia Mestre, do ex-Bala Desejo, citam Gal como uma refer\u00eancia. Ao ouvir o trabalho do Bala, \u00e9 imposs\u00edvel n\u00e3o perceber a marca de Gal na m\u00fasica brasileira contempor\u00e2nea. Julia Mestre, com sua voz suave e presen\u00e7a marcante, carrega um pouco da alma de Gal em suas can\u00e7\u00f5es.<\/p>\n<p>Gal Costa nos deixou em 9 de novembro de 2022, aos 77 anos. Sua partida deixou um vazio na m\u00fasica brasileira, mas seu legado permanece vivo. Cada can\u00e7\u00e3o, cada verso, cada melodia \u00e9 uma lembran\u00e7a de sua genialidade e contribui\u00e7\u00e3o para a cultura do nosso pa\u00eds.<\/p>\n<p>Hoje, ao celebrarmos os 80 anos de Gal Costa, n\u00e3o podemos deixar de agradecer por tudo o que ela nos proporcionou. Sua m\u00fasica, sua arte, sua coragem continuam a nos inspirar e a nos emocionar.<\/p>\n<p style=\"text-align: right;\"><em>\u00a0*Marcelo Gonzales \u00e9 autor do blog Que Dia \u00e9 Hoje?, vive entre discos de vinil e muita m\u00eddia f\u00edsica, sempre atento \u00e0 m\u00fasica, \u00e0 cultura e ao jornalismo, compartilhando hist\u00f3rias que conectam gera\u00e7\u00f5es.<\/em><\/p>\n","protected":false},"excerpt":{"rendered":"<p>Ao longo de sua carreira lan\u00e7ou mais de 30 \u00e1lbuns de est\u00fadio Marcelo Gonzales* @celogonzales @vidadevinil Hoje, 26 de setembro, Gal Costa completaria 80 anos. E \u00e9 imposs\u00edvel n\u00e3o se<\/p>\n","protected":false},"author":3,"featured_media":147763,"comment_status":"closed","ping_status":"closed","sticky":false,"template":"","format":"standard","meta":[],"categories":[305,32],"tags":[],"_links":{"self":[{"href":"https:\/\/diariodamanhapelotas.com.br\/site\/wp-json\/wp\/v2\/posts\/147760"}],"collection":[{"href":"https:\/\/diariodamanhapelotas.com.br\/site\/wp-json\/wp\/v2\/posts"}],"about":[{"href":"https:\/\/diariodamanhapelotas.com.br\/site\/wp-json\/wp\/v2\/types\/post"}],"author":[{"embeddable":true,"href":"https:\/\/diariodamanhapelotas.com.br\/site\/wp-json\/wp\/v2\/users\/3"}],"replies":[{"embeddable":true,"href":"https:\/\/diariodamanhapelotas.com.br\/site\/wp-json\/wp\/v2\/comments?post=147760"}],"version-history":[{"count":1,"href":"https:\/\/diariodamanhapelotas.com.br\/site\/wp-json\/wp\/v2\/posts\/147760\/revisions"}],"predecessor-version":[{"id":147764,"href":"https:\/\/diariodamanhapelotas.com.br\/site\/wp-json\/wp\/v2\/posts\/147760\/revisions\/147764"}],"wp:featuredmedia":[{"embeddable":true,"href":"https:\/\/diariodamanhapelotas.com.br\/site\/wp-json\/wp\/v2\/media\/147763"}],"wp:attachment":[{"href":"https:\/\/diariodamanhapelotas.com.br\/site\/wp-json\/wp\/v2\/media?parent=147760"}],"wp:term":[{"taxonomy":"category","embeddable":true,"href":"https:\/\/diariodamanhapelotas.com.br\/site\/wp-json\/wp\/v2\/categories?post=147760"},{"taxonomy":"post_tag","embeddable":true,"href":"https:\/\/diariodamanhapelotas.com.br\/site\/wp-json\/wp\/v2\/tags?post=147760"}],"curies":[{"name":"wp","href":"https:\/\/api.w.org\/{rel}","templated":true}]}}