{"id":147765,"date":"2025-09-26T08:26:16","date_gmt":"2025-09-26T11:26:16","guid":{"rendered":"https:\/\/diariodamanhapelotas.com.br\/site\/?p=147765"},"modified":"2025-09-26T08:26:16","modified_gmt":"2025-09-26T11:26:16","slug":"vandalismo-no-transporte-coletivo-e-preocupante","status":"publish","type":"post","link":"https:\/\/diariodamanhapelotas.com.br\/site\/vandalismo-no-transporte-coletivo-e-preocupante\/","title":{"rendered":"Vandalismo no transporte coletivo \u00e9 preocupante"},"content":{"rendered":"<h3 style=\"text-align: center;\"><em>Prestadores do servi\u00e7o, rural e urbano, dever\u00e3o pedir suporte \u00e0 seguran\u00e7a p\u00fablica<\/em><\/h3>\n<p><span style=\"font-style: inherit; font-weight: inherit;\"><span style=\"font-size: medium;\">A Prefeitura, por meio da Secretaria de Transporte e Tr\u00e2nsito (STT), respons\u00e1vel pelo controle da presta\u00e7\u00e3o de servi\u00e7os de transporte coletivo em Pelotas, tanto urbano como rural, divulga novos atos de vandalismo em \u00f4nibus e no Terminal Guanabara, com nova estrutura inaugurada recentemente. Empres\u00e1rios do setor j\u00e1 classificam os reincidentes ataques ao patrim\u00f4nio como caso \u00e0 compet\u00eancia da seguran\u00e7a p\u00fablica.<\/span><\/span><\/p>\n<p><span style=\"font-style: inherit; font-weight: inherit;\"><span style=\"font-size: medium;\">Em \u00f4nibus de linhas da col\u00f4nia, o revestimento de bancos \u00e9 cortado com instrumento com fio e at\u00e9 mesmo a esponja do estofamento \u00e9 danificada. No Terminal Guanabara, com abrigos revitalizados, parafusos do madeiramento dos assentos s\u00e3o arrancados e jogados fora. O vandalismo, al\u00e9m do preju\u00edzo aos prestadores do servi\u00e7o de transporte coletivo, atenta contra o bem-estar e conforto da pr\u00f3pria popula\u00e7\u00e3o usu\u00e1ria.<\/span><\/span><\/p>\n<p><span style=\"font-style: inherit; font-weight: inherit;\"><span style=\"font-size: medium;\">De acordo com a STT, as for\u00e7as de seguran\u00e7a \u2013 Guarda Municipal de Brigada Militar \u2013 dever\u00e3o receber solicita\u00e7\u00e3o dos prestadores de servi\u00e7o de transporte coletivo para intensificar policiamento nos terminais, com a finalidade de inibir a inten\u00e7\u00e3o da pr\u00e1tica de danos \u00e0s estruturas. Os pr\u00f3prios usu\u00e1rios, ao flagrarem atos de vandalismo, devem comunicar aos motoristas, cobradores ou fiscais.<\/span><\/span><\/p>\n<p>&nbsp;<\/p>\n","protected":false},"excerpt":{"rendered":"<p>Prestadores do servi\u00e7o, rural e urbano, dever\u00e3o pedir suporte \u00e0 seguran\u00e7a p\u00fablica A Prefeitura, por meio da Secretaria de Transporte e Tr\u00e2nsito (STT), respons\u00e1vel pelo controle da presta\u00e7\u00e3o de servi\u00e7os<\/p>\n","protected":false},"author":3,"featured_media":147766,"comment_status":"closed","ping_status":"closed","sticky":false,"template":"","format":"standard","meta":[],"categories":[305,33],"tags":[],"_links":{"self":[{"href":"https:\/\/diariodamanhapelotas.com.br\/site\/wp-json\/wp\/v2\/posts\/147765"}],"collection":[{"href":"https:\/\/diariodamanhapelotas.com.br\/site\/wp-json\/wp\/v2\/posts"}],"about":[{"href":"https:\/\/diariodamanhapelotas.com.br\/site\/wp-json\/wp\/v2\/types\/post"}],"author":[{"embeddable":true,"href":"https:\/\/diariodamanhapelotas.com.br\/site\/wp-json\/wp\/v2\/users\/3"}],"replies":[{"embeddable":true,"href":"https:\/\/diariodamanhapelotas.com.br\/site\/wp-json\/wp\/v2\/comments?post=147765"}],"version-history":[{"count":1,"href":"https:\/\/diariodamanhapelotas.com.br\/site\/wp-json\/wp\/v2\/posts\/147765\/revisions"}],"predecessor-version":[{"id":147767,"href":"https:\/\/diariodamanhapelotas.com.br\/site\/wp-json\/wp\/v2\/posts\/147765\/revisions\/147767"}],"wp:featuredmedia":[{"embeddable":true,"href":"https:\/\/diariodamanhapelotas.com.br\/site\/wp-json\/wp\/v2\/media\/147766"}],"wp:attachment":[{"href":"https:\/\/diariodamanhapelotas.com.br\/site\/wp-json\/wp\/v2\/media?parent=147765"}],"wp:term":[{"taxonomy":"category","embeddable":true,"href":"https:\/\/diariodamanhapelotas.com.br\/site\/wp-json\/wp\/v2\/categories?post=147765"},{"taxonomy":"post_tag","embeddable":true,"href":"https:\/\/diariodamanhapelotas.com.br\/site\/wp-json\/wp\/v2\/tags?post=147765"}],"curies":[{"name":"wp","href":"https:\/\/api.w.org\/{rel}","templated":true}]}}