{"id":147768,"date":"2025-09-26T10:53:42","date_gmt":"2025-09-26T13:53:42","guid":{"rendered":"https:\/\/diariodamanhapelotas.com.br\/site\/?p=147768"},"modified":"2025-09-26T10:53:42","modified_gmt":"2025-09-26T13:53:42","slug":"ambulatorio-de-saude-mental-adulto-atendera-em-novo-endereco","status":"publish","type":"post","link":"https:\/\/diariodamanhapelotas.com.br\/site\/ambulatorio-de-saude-mental-adulto-atendera-em-novo-endereco\/","title":{"rendered":"Ambulat\u00f3rio de Sa\u00fade Mental Adulto atender\u00e1 em novo endere\u00e7o"},"content":{"rendered":"<h3 style=\"text-align: center;\"><em>Servi\u00e7o ser\u00e1 retomado depois de nove meses. A partir de segunda-feira (29), pacientes ser\u00e3o atendidos na rua Gon\u00e7alves Chaves, 3.410<\/em><\/h3>\n<p dir=\"auto\">A partir de segunda-feira (29), pacientes do Ambulat\u00f3rio de Sa\u00fade Mental Adulto ser\u00e3o atendidos no novo endere\u00e7o, \u00e0 rua Gon\u00e7alves Chaves, 3.410, aberto \u00e0s 13h para receber seu p\u00fablico espec\u00edfico com conforto e qualidade. O servi\u00e7o \u00e9 vinculado \u00e0 Prefeitura e pertence \u00e0 Rede de Atendimento Psicossocial (Raps) da Secretara Municipal de Sa\u00fade (SMS). \u00c0s 11h, haver\u00e1 cerim\u00f4nia de abertura oficial da nova sede.<\/p>\n<p dir=\"auto\">Para lembrar, o Ambulat\u00f3rio de Sa\u00fade Mental Adulto ficou nove meses sem funcionar plenamente. Em dezembro de 2024, o im\u00f3vel alugado, ocupado pelo servi\u00e7o, foi desocupado. Em janeiro deste ano, estabeleceu-se em duas salas, no Centro de Especialidades, atendendo situa\u00e7\u00f5es mais urgentes e pontuais. A partir de segunda-feira, retomar\u00e1 seus protocolos normais.<\/p>\n<p dir=\"auto\">De acordo com a Raps, o funcionamento do Ambulat\u00f3rio assegura a distribui\u00e7\u00e3o adequada do cuidado, evitando a sobrecarga dos Centros de Aten\u00e7\u00e3o Psicossocial (Caps) e das Unidades B\u00e1sicas de Sa\u00fade (UBSs).<\/p>\n<p dir=\"auto\">O servi\u00e7o tem, entre os objetivos principais, a garantia de aten\u00e7\u00e3o especializada e continuada \u00e0s pessoas com transtornos mentais moderados, al\u00e9m de promover o cuidado em liberdade, com base nos princ\u00edpios da desinstitucionaliza\u00e7\u00e3o e aten\u00e7\u00e3o psicossocial. O Ambulat\u00f3rio articula-se com os demais pontos da Raps, que s\u00e3o os Caps, as UBSs, a UPA, os hospitais, a assist\u00eancia social e outros, e favorece o v\u00ednculo terap\u00eautico, o protagonismo do usu\u00e1rio e o fortalecimento de sua rede de apoio.<\/p>\n<p dir=\"auto\">O p\u00fablico-alvo \u00e9 constitu\u00eddo por pessoas em sofrimento ps\u00edquico moderado, com diagn\u00f3stico de transtornos mentais que demandam aten\u00e7\u00e3o especializada, sem necessidade de cuidado intensivo e\/ou acompanhamento di\u00e1rio. Casos leves s\u00e3o acompanhados pelas UBSs e os graves pelos Caps.<\/p>\n","protected":false},"excerpt":{"rendered":"<p>Servi\u00e7o ser\u00e1 retomado depois de nove meses. A partir de segunda-feira (29), pacientes ser\u00e3o atendidos na rua Gon\u00e7alves Chaves, 3.410 A partir de segunda-feira (29), pacientes do Ambulat\u00f3rio de Sa\u00fade<\/p>\n","protected":false},"author":34,"featured_media":147769,"comment_status":"closed","ping_status":"closed","sticky":false,"template":"","format":"standard","meta":[],"categories":[305,149],"tags":[],"_links":{"self":[{"href":"https:\/\/diariodamanhapelotas.com.br\/site\/wp-json\/wp\/v2\/posts\/147768"}],"collection":[{"href":"https:\/\/diariodamanhapelotas.com.br\/site\/wp-json\/wp\/v2\/posts"}],"about":[{"href":"https:\/\/diariodamanhapelotas.com.br\/site\/wp-json\/wp\/v2\/types\/post"}],"author":[{"embeddable":true,"href":"https:\/\/diariodamanhapelotas.com.br\/site\/wp-json\/wp\/v2\/users\/34"}],"replies":[{"embeddable":true,"href":"https:\/\/diariodamanhapelotas.com.br\/site\/wp-json\/wp\/v2\/comments?post=147768"}],"version-history":[{"count":1,"href":"https:\/\/diariodamanhapelotas.com.br\/site\/wp-json\/wp\/v2\/posts\/147768\/revisions"}],"predecessor-version":[{"id":147770,"href":"https:\/\/diariodamanhapelotas.com.br\/site\/wp-json\/wp\/v2\/posts\/147768\/revisions\/147770"}],"wp:featuredmedia":[{"embeddable":true,"href":"https:\/\/diariodamanhapelotas.com.br\/site\/wp-json\/wp\/v2\/media\/147769"}],"wp:attachment":[{"href":"https:\/\/diariodamanhapelotas.com.br\/site\/wp-json\/wp\/v2\/media?parent=147768"}],"wp:term":[{"taxonomy":"category","embeddable":true,"href":"https:\/\/diariodamanhapelotas.com.br\/site\/wp-json\/wp\/v2\/categories?post=147768"},{"taxonomy":"post_tag","embeddable":true,"href":"https:\/\/diariodamanhapelotas.com.br\/site\/wp-json\/wp\/v2\/tags?post=147768"}],"curies":[{"name":"wp","href":"https:\/\/api.w.org\/{rel}","templated":true}]}}