{"id":147771,"date":"2025-09-26T10:57:56","date_gmt":"2025-09-26T13:57:56","guid":{"rendered":"https:\/\/diariodamanhapelotas.com.br\/site\/?p=147771"},"modified":"2025-09-26T10:57:56","modified_gmt":"2025-09-26T13:57:56","slug":"chico-cesar-celebra-30-anos-do-album-aos-vivos-em-show-no-theatro-guarany","status":"publish","type":"post","link":"https:\/\/diariodamanhapelotas.com.br\/site\/chico-cesar-celebra-30-anos-do-album-aos-vivos-em-show-no-theatro-guarany\/","title":{"rendered":"Chico C\u00e9sar celebra 30 anos do \u00e1lbum \u201cAos Vivos\u201d em show no Theatro Guarany"},"content":{"rendered":"<h3 style=\"text-align: center;\"><em>Apresenta\u00e7\u00e3o traz repert\u00f3rio completo do disco e outros sucessos da carreira do artista paraibano<\/em><\/h3>\n<p>No dia 15 de novembro, s\u00e1bado, o p\u00fablico de Pelotas poder\u00e1 vivenciar uma noite especial com Chico C\u00e9sar, que apresenta no Theatro Guarany (Rua L\u00f4bo da Costa, 849), \u00e0s 20h, o espet\u00e1culo comemorativo dos 30 anos do \u00e1lbum \u201cAos Vivos\u201d. O show traz a \u00edntegra do ic\u00f4nico disco lan\u00e7ado em 1995, al\u00e9m de outros marcos da trajet\u00f3ria do cantor e compositor paraibano.<\/p>\n<p>Na primeira faixa, \u201cBerad\u00earo\u201d, Chico resgata a tradi\u00e7\u00e3o do aboio, cantiga passada entre gera\u00e7\u00f5es de vaqueiros do sert\u00e3o nordestino. O repert\u00f3rio segue com grandes sucessos como \u201cMama \u00c1frica\u201d e \u201c\u00c0 Primeira Vista\u201d, apresentados em vers\u00f5es intimistas de voz e viol\u00e3o, e outras composi\u00e7\u00f5es autorais, como \u201cSaharienne\u201d, \u201cMulher Eu Sei\u201d e \u201cClandestino\u201d. O espet\u00e1culo tamb\u00e9m abre espa\u00e7o para interpreta\u00e7\u00f5es de obras de outros artistas, como \u201cPara\u00edba\u201d, de Luiz Gonzaga e Humberto Teixeira, e \u201cAlma n\u00e3o tem cor\u201d, de Andr\u00e9 Abujamra.<\/p>\n<p>Os ingressos custam a partir de R$30 e podem ser adquiridos pelo site <a href=\"http:\/\/www.sesc-rs.com.br\/espetaculosculturais\">www.sesc-rs.com.br\/espetaculosculturais<\/a>. Mais informa\u00e7\u00f5es podem ser obtidas pelo WhatsApp (53) 99131-3176.<\/p>\n<h4 style=\"text-align: center;\">Servi\u00e7o<\/h4>\n<p><strong>Chico C\u00e9sar apresenta \u201cAos Vivos&#8221; &#8211; Sesc Pelotas<\/strong><\/p>\n<p><strong>Data:<\/strong> 15\/11\/2025<\/p>\n<p><strong>Local:<\/strong> Theatro Guarany (Rua L\u00f4bo da Costa, 849)<\/p>\n<p><strong>Hor\u00e1rio:<\/strong> 20h<\/p>\n<p><strong>Ingressos: <\/strong>A partir de R$30 e podem ser adquiridos pelo site <a href=\"http:\/\/www.sesc-rs.com.br\/espetaculosculturais\">www.sesc-rs.com.br\/espetaculosculturais<\/a><\/p>\n<p><strong>Mais informa\u00e7\u00f5es:<\/strong> Mais informa\u00e7\u00f5es podem ser obtidas pelo WhatsApp (53) 99131-3176<\/p>\n","protected":false},"excerpt":{"rendered":"<p>Apresenta\u00e7\u00e3o traz repert\u00f3rio completo do disco e outros sucessos da carreira do artista paraibano No dia 15 de novembro, s\u00e1bado, o p\u00fablico de Pelotas poder\u00e1 vivenciar uma noite especial com<\/p>\n","protected":false},"author":34,"featured_media":147772,"comment_status":"closed","ping_status":"closed","sticky":false,"template":"","format":"standard","meta":[],"categories":[305,32],"tags":[],"_links":{"self":[{"href":"https:\/\/diariodamanhapelotas.com.br\/site\/wp-json\/wp\/v2\/posts\/147771"}],"collection":[{"href":"https:\/\/diariodamanhapelotas.com.br\/site\/wp-json\/wp\/v2\/posts"}],"about":[{"href":"https:\/\/diariodamanhapelotas.com.br\/site\/wp-json\/wp\/v2\/types\/post"}],"author":[{"embeddable":true,"href":"https:\/\/diariodamanhapelotas.com.br\/site\/wp-json\/wp\/v2\/users\/34"}],"replies":[{"embeddable":true,"href":"https:\/\/diariodamanhapelotas.com.br\/site\/wp-json\/wp\/v2\/comments?post=147771"}],"version-history":[{"count":1,"href":"https:\/\/diariodamanhapelotas.com.br\/site\/wp-json\/wp\/v2\/posts\/147771\/revisions"}],"predecessor-version":[{"id":147773,"href":"https:\/\/diariodamanhapelotas.com.br\/site\/wp-json\/wp\/v2\/posts\/147771\/revisions\/147773"}],"wp:featuredmedia":[{"embeddable":true,"href":"https:\/\/diariodamanhapelotas.com.br\/site\/wp-json\/wp\/v2\/media\/147772"}],"wp:attachment":[{"href":"https:\/\/diariodamanhapelotas.com.br\/site\/wp-json\/wp\/v2\/media?parent=147771"}],"wp:term":[{"taxonomy":"category","embeddable":true,"href":"https:\/\/diariodamanhapelotas.com.br\/site\/wp-json\/wp\/v2\/categories?post=147771"},{"taxonomy":"post_tag","embeddable":true,"href":"https:\/\/diariodamanhapelotas.com.br\/site\/wp-json\/wp\/v2\/tags?post=147771"}],"curies":[{"name":"wp","href":"https:\/\/api.w.org\/{rel}","templated":true}]}}