{"id":147774,"date":"2025-09-26T11:09:34","date_gmt":"2025-09-26T14:09:34","guid":{"rendered":"https:\/\/diariodamanhapelotas.com.br\/site\/?p=147774"},"modified":"2025-09-26T11:09:34","modified_gmt":"2025-09-26T14:09:34","slug":"guilherme-giugliani-lanca-conto-de-um-homem-so-libretos-em-pelotas","status":"publish","type":"post","link":"https:\/\/diariodamanhapelotas.com.br\/site\/guilherme-giugliani-lanca-conto-de-um-homem-so-libretos-em-pelotas\/","title":{"rendered":"Guilherme Giugliani lan\u00e7a Conto de um homem s\u00f3 (Libretos) em Pelotas"},"content":{"rendered":"<h3 class=\"p1\" style=\"text-align: center;\"><em>Livro trata sobre a solid\u00e3o contempor\u00e2nea, sua melancolia e suas consequ\u00eancias<\/em><\/h3>\n<div id=\"attachment_147775\" style=\"width: 211px\" class=\"wp-caption alignleft\"><img aria-describedby=\"caption-attachment-147775\" loading=\"lazy\" class=\"wp-image-147775 size-medium\" src=\"https:\/\/diariodamanhapelotas.com.br\/site\/wp-content\/uploads\/2025\/09\/design-sem-nome-9-201x300.jpg\" alt=\"\" width=\"201\" height=\"300\" srcset=\"https:\/\/diariodamanhapelotas.com.br\/site\/wp-content\/uploads\/2025\/09\/design-sem-nome-9-201x300.jpg 201w, https:\/\/diariodamanhapelotas.com.br\/site\/wp-content\/uploads\/2025\/09\/design-sem-nome-9-100x150.jpg 100w, https:\/\/diariodamanhapelotas.com.br\/site\/wp-content\/uploads\/2025\/09\/design-sem-nome-9.jpg 401w\" sizes=\"(max-width: 201px) 100vw, 201px\" \/><p id=\"caption-attachment-147775\" class=\"wp-caption-text\">Capa de Conto de um homem s\u00f3<\/p><\/div>\n<p class=\"p1\">No dia 26 de setembro, o escritor, jornalista e tradutor Guilherme Giugliani estar\u00e1 em Pelotas para o lan\u00e7amento de seu novo livro Conto de um homem s\u00f3 (Libretos Editora, 2025, 104 p\u00e1ginas, ISBN 978-85-5549-071-2, R$40). O evento ser\u00e1 realizado \u00e0s 19h na Livraria Vanguarda do Shopping Pelotas (Avenida Ferreira Viana, 1526), com bate-papo do autor com os jornalistas Lucas Kurz e Ana Cl\u00e1udia Dias, al\u00e9m da sess\u00e3o de aut\u00f3grafos.<\/p>\n<p class=\"p1\">Com edi\u00e7\u00e3o e design gr\u00e1fico de Cl\u00f4 Barcellos, o t\u00edtulo re\u00fane treze narrativas fortes em mais de um sentido. \u201cPrecis\u00e3o vocabular em linguagem coloquial e \u00e0s vezes um tanto sincopada, a colet\u00e2nea tematiza ternura, solidariedade, veraneio, indiferen\u00e7a, adult\u00e9rio, incesto e erotismo. Entre os contos, obras-primas como A queda de Kamchatka e Neve e morma\u00e7o\u201d, observa o escritor Raduan Nassar.<\/p>\n<p class=\"p1\">Carlos Andr\u00e9 Moreira, na orelha, examina o conjunto bastante coeso em que cada hist\u00f3ria \u00e9 um recorte bem delineado: \u201cEste livro se prop\u00f5e a apresentar essa solid\u00e3o contempor\u00e2nea, sua melancolia, suas consequ\u00eancias danosas, tristes e muitas vezes feias como um cristal de muitos lados. (&#8230;) Sendo um livro t\u00e3o masculino sobre sil\u00eancio e solid\u00e3o, faz sentido que a prosa tamb\u00e9m se d\u00ea ares lac\u00f4nicos, numa clara inspira\u00e7\u00e3o em Hemingway e seu tom econ\u00f4mico na superf\u00edcie com riqueza de subtextos na camada mais profunda. A diferen\u00e7a \u00e9 que seus subtextos, ao contr\u00e1rio do modelo, tendem a ser mais expl\u00edcitos \u2013 em um livro sobre incomunicabilidade, fica claro que Giugliani quer comunicar algo com seus contos. E o faz de modo seguro\u201d.<\/p>\n<p class=\"p1\">E o autor arremata: &#8220;a tem\u00e1tica da obra, em muitos pontos, \u00e9 sufocante, claustrof\u00f3bica, mas, ao mesmo tempo \u00e9 um livro de recome\u00e7os, pois os personagens se deparam com situa\u00e7\u00f5es-limite em que eles precisam, quando t\u00eam a chance pra isso, tomar decis\u00f5es cruciais e dar um novo rumo para as suas vidas&#8221;.<\/p>\n<p class=\"p1\">Guilherme Giugliani \u00e9 escritor, jornalista e tradutor. Seu livro de estreia, Antes e depois do tempo (Terceiro Selo, 2015), foi finalista do Pr\u00eamio da Associa\u00e7\u00e3o Ga\u00facha de Escritores. Em 2020, lan\u00e7ou, tamb\u00e9m pela Libretos, Nossos sonhos s\u00e3o os mesmos. Possui mais de uma dezena de contos publicados em antologias e premiados tanto no Brasil quanto em Portugal. Em 2011, recebeu Men\u00e7\u00e3o Honrosa no Concurso Nacional de Contos Josu\u00e9 Guimar\u00e3es (Passo Fundo). No ano seguinte, foi um dos autores agraciados com o Pr\u00eamio Sesc de Contos Machado de Assis (Bras\u00edlia) e, em 2019, venceu o Concurso de Contos Mario Quintana na capital ga\u00facha. Atualmente reside em Porto Alegre.<\/p>\n","protected":false},"excerpt":{"rendered":"<p>Livro trata sobre a solid\u00e3o contempor\u00e2nea, sua melancolia e suas consequ\u00eancias No dia 26 de setembro, o escritor, jornalista e tradutor Guilherme Giugliani estar\u00e1 em Pelotas para o lan\u00e7amento de<\/p>\n","protected":false},"author":34,"featured_media":147776,"comment_status":"closed","ping_status":"closed","sticky":false,"template":"","format":"standard","meta":[],"categories":[305,32],"tags":[],"_links":{"self":[{"href":"https:\/\/diariodamanhapelotas.com.br\/site\/wp-json\/wp\/v2\/posts\/147774"}],"collection":[{"href":"https:\/\/diariodamanhapelotas.com.br\/site\/wp-json\/wp\/v2\/posts"}],"about":[{"href":"https:\/\/diariodamanhapelotas.com.br\/site\/wp-json\/wp\/v2\/types\/post"}],"author":[{"embeddable":true,"href":"https:\/\/diariodamanhapelotas.com.br\/site\/wp-json\/wp\/v2\/users\/34"}],"replies":[{"embeddable":true,"href":"https:\/\/diariodamanhapelotas.com.br\/site\/wp-json\/wp\/v2\/comments?post=147774"}],"version-history":[{"count":2,"href":"https:\/\/diariodamanhapelotas.com.br\/site\/wp-json\/wp\/v2\/posts\/147774\/revisions"}],"predecessor-version":[{"id":147778,"href":"https:\/\/diariodamanhapelotas.com.br\/site\/wp-json\/wp\/v2\/posts\/147774\/revisions\/147778"}],"wp:featuredmedia":[{"embeddable":true,"href":"https:\/\/diariodamanhapelotas.com.br\/site\/wp-json\/wp\/v2\/media\/147776"}],"wp:attachment":[{"href":"https:\/\/diariodamanhapelotas.com.br\/site\/wp-json\/wp\/v2\/media?parent=147774"}],"wp:term":[{"taxonomy":"category","embeddable":true,"href":"https:\/\/diariodamanhapelotas.com.br\/site\/wp-json\/wp\/v2\/categories?post=147774"},{"taxonomy":"post_tag","embeddable":true,"href":"https:\/\/diariodamanhapelotas.com.br\/site\/wp-json\/wp\/v2\/tags?post=147774"}],"curies":[{"name":"wp","href":"https:\/\/api.w.org\/{rel}","templated":true}]}}