{"id":147785,"date":"2025-09-28T20:19:23","date_gmt":"2025-09-28T23:19:23","guid":{"rendered":"https:\/\/diariodamanhapelotas.com.br\/site\/?p=147785"},"modified":"2025-09-28T20:19:23","modified_gmt":"2025-09-28T23:19:23","slug":"marroni-apresenta-orcamento-de-r-22-bilhoes-para-o-exercicio-2026","status":"publish","type":"post","link":"https:\/\/diariodamanhapelotas.com.br\/site\/marroni-apresenta-orcamento-de-r-22-bilhoes-para-o-exercicio-2026\/","title":{"rendered":"Marroni apresenta or\u00e7amento de R$ 2,2 bilh\u00f5es para o exerc\u00edcio 2026"},"content":{"rendered":"<h3 style=\"text-align: center;\"><em>Documento que indica os investimentos do governo no ano que vem ser\u00e1 protocolado at\u00e9 ter\u00e7a-feira (30 para come\u00e7ar a tramitar na C\u00e2mara de Vereadores. &#8220;N\u00e3o \u00e9 pe\u00e7a de fic\u00e7\u00e3o&#8221;, disse o prefeito<\/em><\/h3>\n<p>O prefeito Fernando Marroni apresentou a Lei de Diretrizes Or\u00e7ament\u00e1rias (LDO) do munic\u00edpio para o exerc\u00edcio 2026 na tarde da sexta-feira (26), durante audi\u00eancia p\u00fablica no hall do Pa\u00e7o Municipal. O documento que define metas e prioridades do governo para o ano que vem ser\u00e1 protocolado at\u00e9 ter\u00e7a-feira (30) para come\u00e7ar a tramitar na C\u00e2mara de Vereadores, conforme estabelecido pela Lei Org\u00e2nica Municipal.<\/p>\n<p>Com a contribui\u00e7\u00e3o de todas as secretarias, a LDO a ser protocolada no Legislativo \u00e9 dividida em cinco eixos tem\u00e1ticos (Democracia, Cidadania e Justi\u00e7a Social; Bem-viver e Desenvolvimento Humano; Economia para a Vida e Inova\u00e7\u00e3o com Sustentabilidade; Gest\u00e3o P\u00fablica Eficiente; Cidade Resiliente e Justi\u00e7a Ambiental), 23 programas e 317 a\u00e7\u00f5es final\u00edsticas. O valor total chega a R$ 2.217.458.716,14. De acordo com o chefe do Executivo, o montante \u00e9 plenamente pass\u00edvel de execu\u00e7\u00e3o. \u201cN\u00e3o \u00e9 uma pe\u00e7a de fic\u00e7\u00e3o\u201d, garante Marroni. O prefeito justifica que a LDO para o pr\u00f3ximo ano fiscal abrange todos os programas e a\u00e7\u00f5es dentro da realidade or\u00e7ament\u00e1ria do que o governo j\u00e1 captou de recursos, firmou conv\u00eanios e opera\u00e7\u00f5es de cr\u00e9dito.<\/p>\n<p>\u201c\u00c9 um recurso muito apurado, porque n\u00e3o se pode fazer um or\u00e7amento superestimado, todo o secretariado se debru\u00e7ou sobre um or\u00e7amento realista, diferentemente do que j\u00e1 aconteceu no passado, se colocavam expectativas de receita acima da capacidade, que n\u00e3o se viabilizavam e deixava um d\u00e9ficit or\u00e7ament\u00e1rio muito grande\u201d, explica. \u201cN\u00e3o \u00e9 nem um pouco uma pe\u00e7a de fic\u00e7\u00e3o, \u00e9 uma previs\u00e3o ajustada daquilo que vamos poder fazer em 2026\u201d, acrescentou.<\/p>\n<p>Dentre os programas previstos na LDO com mais recursos \u201cPelotas cuida mais\u201d, que re\u00fane a\u00e7\u00f5es de investimento em \u00e1reas como Sa\u00fade, Assist\u00eancia Social e Habita\u00e7\u00e3o. Nele ser\u00e3o aportados R$ 721 milh\u00f5es, a serem aplicados em a\u00e7\u00f5es como Aten\u00e7\u00e3o hospitalar e especializada (R$ 217 milh\u00f5es), Aten\u00e7\u00e3o prim\u00e1ria \u00e0 sa\u00fade (R$ 118 milh\u00f5es) e Minha Casa Minha Vida FAR (R$ 50 milh\u00f5es), destinado a fam\u00edlias com renda bruta mensal de no m\u00e1ximo R$ 2.850,00.<\/p>\n<p>As a\u00e7\u00f5es que comp\u00f5em o programa Pelotas que Educa \u00e9 o segundo com maior volume de recursos previstos. S\u00e3o R$ 475 milh\u00f5es destinados somente para a Educa\u00e7\u00e3o, com investimentos nas escolas de ensino fundamental, infantil e m\u00e9dio, al\u00e9m de pr\u00e9-escolas, creches, transporte escolar e EJA.<\/p>\n<h4 style=\"text-align: center;\">Confira outros programas a serem contemplados com as verbas da LDO 2026<\/h4>\n<ul>\n<li>Programa de Infraestrutura e zeladoria (saneamento, obras, pavimenta\u00e7\u00e3o, limpeza urbana, drenagem, entre outros): R$ 348 milh\u00f5es<\/li>\n<li>Programa de Mobilidade Urbana e Rural (obras estruturantes de mobilidade, frota de \u00f4nibus el\u00e9tricos, sistemas ciclovi\u00e1rios, entre outros): R$ 154 milh\u00f5es<\/li>\n<li>Programa Pelotas sustent\u00e1vel e resiliente (qualifica\u00e7\u00e3o das casas de bombas, prote\u00e7\u00e3o contra cheias, modelagem ambiental): R$ 96 milh\u00f5es<\/li>\n<li>Programa Pelotas inclusiva (Educa\u00e7\u00e3o especial, PCDs, preven\u00e7\u00e3o \u00e0 LGBTfobia e promo\u00e7\u00e3o da cidadania LGBTQIA+, entre outros): R$ 32 milh\u00f5es<\/li>\n<li>Programa Pelotas Segura (Seguran\u00e7a e videomonitoramento): R$ 8,3 milh\u00f5es<\/li>\n<li>Programa Pelotas Democr\u00e1tica (Assist\u00eancia Social e fortalecimento dos conselhos): R$ 3 milh\u00f5es<\/li>\n<li>Programa Economia Social e Criativa (Carnaval, empreendedorismo, feiras livres, agroecologia): R$ 2,8 milh\u00f5es<br \/>\nPrograma Pelotas das Mulheres (Novo Cram, Patrulha Maria da Penha, programa Chegada Segura): R$ 2,1 milh\u00f5es.<\/li>\n<\/ul>\n<p>Fotos: Volmer Perez<\/p>\n","protected":false},"excerpt":{"rendered":"<p>Documento que indica os investimentos do governo no ano que vem ser\u00e1 protocolado at\u00e9 ter\u00e7a-feira (30 para come\u00e7ar a tramitar na C\u00e2mara de Vereadores. &#8220;N\u00e3o \u00e9 pe\u00e7a de fic\u00e7\u00e3o&#8221;, disse<\/p>\n","protected":false},"author":3,"featured_media":147787,"comment_status":"closed","ping_status":"closed","sticky":false,"template":"","format":"standard","meta":[],"categories":[305,149],"tags":[],"_links":{"self":[{"href":"https:\/\/diariodamanhapelotas.com.br\/site\/wp-json\/wp\/v2\/posts\/147785"}],"collection":[{"href":"https:\/\/diariodamanhapelotas.com.br\/site\/wp-json\/wp\/v2\/posts"}],"about":[{"href":"https:\/\/diariodamanhapelotas.com.br\/site\/wp-json\/wp\/v2\/types\/post"}],"author":[{"embeddable":true,"href":"https:\/\/diariodamanhapelotas.com.br\/site\/wp-json\/wp\/v2\/users\/3"}],"replies":[{"embeddable":true,"href":"https:\/\/diariodamanhapelotas.com.br\/site\/wp-json\/wp\/v2\/comments?post=147785"}],"version-history":[{"count":1,"href":"https:\/\/diariodamanhapelotas.com.br\/site\/wp-json\/wp\/v2\/posts\/147785\/revisions"}],"predecessor-version":[{"id":147788,"href":"https:\/\/diariodamanhapelotas.com.br\/site\/wp-json\/wp\/v2\/posts\/147785\/revisions\/147788"}],"wp:featuredmedia":[{"embeddable":true,"href":"https:\/\/diariodamanhapelotas.com.br\/site\/wp-json\/wp\/v2\/media\/147787"}],"wp:attachment":[{"href":"https:\/\/diariodamanhapelotas.com.br\/site\/wp-json\/wp\/v2\/media?parent=147785"}],"wp:term":[{"taxonomy":"category","embeddable":true,"href":"https:\/\/diariodamanhapelotas.com.br\/site\/wp-json\/wp\/v2\/categories?post=147785"},{"taxonomy":"post_tag","embeddable":true,"href":"https:\/\/diariodamanhapelotas.com.br\/site\/wp-json\/wp\/v2\/tags?post=147785"}],"curies":[{"name":"wp","href":"https:\/\/api.w.org\/{rel}","templated":true}]}}