{"id":147796,"date":"2025-09-29T09:52:00","date_gmt":"2025-09-29T12:52:00","guid":{"rendered":"https:\/\/diariodamanhapelotas.com.br\/site\/?p=147796"},"modified":"2025-09-29T09:53:03","modified_gmt":"2025-09-29T12:53:03","slug":"pe-de-meia%e2%80%afpagamento%e2%80%afda-7a-parcela-comeca-nesta-segunda-feira","status":"publish","type":"post","link":"https:\/\/diariodamanhapelotas.com.br\/site\/pe-de-meia%e2%80%afpagamento%e2%80%afda-7a-parcela-comeca-nesta-segunda-feira\/","title":{"rendered":"P\u00e9-de-Meia:\u202fpagamento\u202fda 7\u00aa parcela come\u00e7a nesta segunda-feira"},"content":{"rendered":"<h3 style=\"text-align: center;\"><em>Valor de R$ 200 \u00e9 depositado conforme m\u00eas de nascimento do aluno<\/em><\/h3>\n<p>O Minist\u00e9rio da Educa\u00e7\u00e3o (MEC) inicia, nesta segunda-feira (29), o pagamento da\u202fs\u00e9tima parcela\u202faos participantes do programa P\u00e9-de-Meia de 2025.<img src=\"https:\/\/agenciabrasil.ebc.com.br\/ebc.png?id=1660410&amp;o=node\" \/><img src=\"https:\/\/agenciabrasil.ebc.com.br\/ebc.gif?id=1660410&amp;o=node\" \/><\/p>\n<p>Os beneficiados pelo programa federal s\u00e3o os estudantes do ensino m\u00e9dio matriculados na rede p\u00fablica regular e da\u00a0modalidade Educa\u00e7\u00e3o de Jovens e Adultos (EJA), inscritos no Cadastro Nacional de Programas Sociais do governo federal (Cad\u00danico).<\/p>\n<p>Nesta etapa, a Caixa Econ\u00f4mica Federal \u2013 respons\u00e1vel pela gest\u00e3o dos recursos repassados pelo MEC\u00a0\u2013 informa que,\u00a0ao todo, cerca de 3,4 milh\u00f5es de estudantes de escolas p\u00fablicas receber\u00e3o o benef\u00edcio at\u00e9 a pr\u00f3xima segunda-feira (6).<\/p>\n<p>Os nascidos nos meses de janeiro e fevereiro s\u00e3o os primeiros a receber o valor de R$ 200 correspondente ao incentivo-frequ\u00eancia \u00e0s aulas. Para ter direito ao benef\u00edcio, eles devem ter presen\u00e7a m\u00ednima de 80% nas aulas.<\/p>\n<h4 style=\"text-align: center;\">Pagamento escalonado<\/h4>\n<p>Os pagamentos do incentivo-frequ\u00eancia ocorrem at\u00e9 o dia 6 de outubro, conforme o m\u00eas de nascimento dos alunos que est\u00e3o matriculados em uma das tr\u00eas s\u00e9ries do ensino m\u00e9dio na rede p\u00fablica de ensino.<\/p>\n<p>Confira o calend\u00e1rio:<\/p>\n<ul>\n<li>nascidos em janeiro e fevereiro recebem em 29 de setembro<\/li>\n<li>nascidos em mar\u00e7o e abril, em 30 de setembro<\/li>\n<li>nascidos em maio e junho, em de 1\u00ba outubro<\/li>\n<li>nascidos em julho e agosto, em 2 de outubro<\/li>\n<li>nascidos em setembro e outubro recebem em de 3 outubro<\/li>\n<li>nascidos em novembro e dezembro, em 6 de outubro<\/li>\n<\/ul>\n<h3 style=\"text-align: center;\">Dep\u00f3sitos<\/h3>\n<p>As parcelas da chamada\u00a0poupan\u00e7a do ensino m\u00e9dio\u00a0de 2025 s\u00e3o depositadas em uma conta poupan\u00e7a da Caixa Econ\u00f4mica Federal, aberta automaticamente em nome dos estudantes.<\/p>\n<p>Se o estudante tiver 18 anos ou mais,\u00a0a conta j\u00e1 estar\u00e1 desbloqueada para movimenta\u00e7\u00e3o imediata do valor recebido pelo incentivo \u00e0 frequ\u00eancia escolar. O banco p\u00fablico avisa que \u00e9 poss\u00edvel solicitar de forma gratuita o cart\u00e3o P\u00e9-de-Meia no<a href=\"https:\/\/play.google.com\/store\/apps\/details?id=br.gov.caixa.tem&amp;hl=pt_BR\"> aplicativo\u00a0Caixa Tem<\/a>, o que permite o uso dos recursos financeiros em compras e pagamentos.<\/p>\n<p>Se o participante desejar, o valor tamb\u00e9m pode ser sacado nos terminais de autoatendimento, mesmo sem o cart\u00e3o, apenas com o uso da identifica\u00e7\u00e3o biom\u00e9trica previamente cadastrada.<\/p>\n<p>No caso de menor de idade,\u202fser\u00e1\u202fnecess\u00e1rio que o respons\u00e1vel legal autorize\u202fa\u202fmovimenta\u00e7\u00e3o\u202fda\u202fconta. O consentimento poder\u00e1 ser\u202ffeito no pr\u00f3prio aplicativo ou em uma ag\u00eancia da Caixa.<\/p>\n<p>O participante poder\u00e1 consultar no <a href=\"https:\/\/www.gov.br\/mec\/pt-br\/jornadadoestudante\" target=\"_blank\" rel=\"noopener noreferrer\">aplicativo Jornada do Estudante<\/a>\u00a0do MEC informa\u00e7\u00f5es escolares, regras do programa e status de pagamentos (rejeitados ou aprovados).<\/p>\n<p>As informa\u00e7\u00f5es relativas ao pagamento tamb\u00e9m podem ser <a href=\"https:\/\/play.google.com\/store\/apps\/details?id=br.gov.caixa.tem&amp;hl=pt_BR\" target=\"_blank\" rel=\"noopener noreferrer\">consultadas<\/a> no aplicativo Caixa Tem\u00a0ou no aplicativo Benef\u00edcios Sociais.<\/p>\n<h4 style=\"text-align: center;\">Incentivos<\/h4>\n<p>A chamada Poupan\u00e7a do Ensino M\u00e9dio tem quatro tipos de incentivo financeiro-educacional:<\/p>\n<ul>\n<li>incentivo-matr\u00edcula: por matr\u00edcula registrada no in\u00edcio do ano letivo, valor pago uma vez por ano, no valor de R$ 200;<\/li>\n<li>incentivo-frequ\u00eancia: por frequ\u00eancia m\u00ednima escolar de 80% do total de horas letivas. Para o ensino regular, s\u00e3o nove parcelas durante o ano de R$ 200.<\/li>\n<li>incentivo-conclus\u00e3o: por conclus\u00e3o e com aprova\u00e7\u00e3o em cada um dos tr\u00eas anos letivos do ensino m\u00e9dio e participa\u00e7\u00e3o em avalia\u00e7\u00f5es educacionais, no valor total de R$ 3 mil. O saque depende da obten\u00e7\u00e3o de certificado de conclus\u00e3o do ensino m\u00e9dio;<\/li>\n<li>incentivo-Enem: paga ap\u00f3s a participa\u00e7\u00e3o nos dois dias do Exame Nacional do Ensino M\u00e9dio (Enem), no ano que o estudante conclui o 3\u00ba ano do ensino m\u00e9dio. Os R$ 200 s\u00e3o pagos em parcela \u00fanica.<\/li>\n<\/ul>\n<p>Desta forma, a soma do\u202fincentivo financeiro-educacional pode alcan\u00e7ar R$ 9,2 mil por aluno,\u202fno fim do 3\u00ba ano do ensino m\u00e9dio.<\/p>\n<h4 style=\"text-align: center;\">P\u00e9-de-Meia<\/h4>\n<p>Criado em 2024, o programa do governo federal \u00e9 voltado a estudantes de baixa renda do ensino m\u00e9dio da rede p\u00fablica.\u00a0 A iniciativa funciona como uma poupan\u00e7a para promover a perman\u00eancia e a conclus\u00e3o escolar nessa etapa de ensino.<\/p>\n<p>O MEC esclarece que n\u00e3o h\u00e1 necessidade de inscri\u00e7\u00e3o. Todo aluno que se encaixa nos crit\u00e9rios do programa \u00e9 inclu\u00eddo automaticamente na iniciativa do governo federal.<\/p>\n<p>Ag\u00eancia Brasil<\/p>\n","protected":false},"excerpt":{"rendered":"<p>Valor de R$ 200 \u00e9 depositado conforme m\u00eas de nascimento do aluno O Minist\u00e9rio da Educa\u00e7\u00e3o (MEC) inicia, nesta segunda-feira (29), o pagamento da\u202fs\u00e9tima parcela\u202faos participantes do programa P\u00e9-de-Meia de<\/p>\n","protected":false},"author":34,"featured_media":138796,"comment_status":"closed","ping_status":"closed","sticky":false,"template":"","format":"standard","meta":[],"categories":[305,27],"tags":[],"_links":{"self":[{"href":"https:\/\/diariodamanhapelotas.com.br\/site\/wp-json\/wp\/v2\/posts\/147796"}],"collection":[{"href":"https:\/\/diariodamanhapelotas.com.br\/site\/wp-json\/wp\/v2\/posts"}],"about":[{"href":"https:\/\/diariodamanhapelotas.com.br\/site\/wp-json\/wp\/v2\/types\/post"}],"author":[{"embeddable":true,"href":"https:\/\/diariodamanhapelotas.com.br\/site\/wp-json\/wp\/v2\/users\/34"}],"replies":[{"embeddable":true,"href":"https:\/\/diariodamanhapelotas.com.br\/site\/wp-json\/wp\/v2\/comments?post=147796"}],"version-history":[{"count":2,"href":"https:\/\/diariodamanhapelotas.com.br\/site\/wp-json\/wp\/v2\/posts\/147796\/revisions"}],"predecessor-version":[{"id":147798,"href":"https:\/\/diariodamanhapelotas.com.br\/site\/wp-json\/wp\/v2\/posts\/147796\/revisions\/147798"}],"wp:featuredmedia":[{"embeddable":true,"href":"https:\/\/diariodamanhapelotas.com.br\/site\/wp-json\/wp\/v2\/media\/138796"}],"wp:attachment":[{"href":"https:\/\/diariodamanhapelotas.com.br\/site\/wp-json\/wp\/v2\/media?parent=147796"}],"wp:term":[{"taxonomy":"category","embeddable":true,"href":"https:\/\/diariodamanhapelotas.com.br\/site\/wp-json\/wp\/v2\/categories?post=147796"},{"taxonomy":"post_tag","embeddable":true,"href":"https:\/\/diariodamanhapelotas.com.br\/site\/wp-json\/wp\/v2\/tags?post=147796"}],"curies":[{"name":"wp","href":"https:\/\/api.w.org\/{rel}","templated":true}]}}