{"id":147802,"date":"2025-09-29T13:24:58","date_gmt":"2025-09-29T16:24:58","guid":{"rendered":"https:\/\/diariodamanhapelotas.com.br\/site\/?p=147802"},"modified":"2025-09-29T13:24:58","modified_gmt":"2025-09-29T16:24:58","slug":"br-116-tem-desvio-de-trafego-entre-os-km-403-e-408-devido-as-obras-de-duplicacao","status":"publish","type":"post","link":"https:\/\/diariodamanhapelotas.com.br\/site\/br-116-tem-desvio-de-trafego-entre-os-km-403-e-408-devido-as-obras-de-duplicacao\/","title":{"rendered":"BR-116 tem desvio de tr\u00e1fego entre os km 403 e 408 devido \u00e0s obras de duplica\u00e7\u00e3o"},"content":{"rendered":"<h3 style=\"text-align: center;\">Toda a sinaliza\u00e7\u00e3o necess\u00e1ria j\u00e1 foi devidamente implantada no local.<\/h3>\n<p>A Ecovias do Sul informa que, a partir da manh\u00e3 desta segunda-feira (29\/09), haver\u00e1 altera\u00e7\u00e3o no fluxo de ve\u00edculos na BR-116, entre os quil\u00f4metros 403 e 408, em Camaqu\u00e3, em raz\u00e3o das obras de duplica\u00e7\u00e3o da rodovia, sob responsabilidade do Departamento Nacional de Infraestrutura de Transportes (DNIT).<\/p>\n<p>Durante o per\u00edodo de interven\u00e7\u00e3o, o tr\u00e1fego ser\u00e1 desviado para operar em m\u00e3o dupla, como pista simples, para viabilizar a constru\u00e7\u00e3o de galerias na pista sentido Pelotas. Toda a sinaliza\u00e7\u00e3o necess\u00e1ria j\u00e1 foi devidamente implantada no local.<\/p>\n<p>A previs\u00e3o \u00e9 de que o tr\u00e1fego permane\u00e7a em m\u00e3o dupla por cerca de 60 dias. A Ecovias do Sul orienta os motoristas a redobrarem a aten\u00e7\u00e3o ao transitar pela regi\u00e3o.<\/p>\n<p>Foto: Divulga\u00e7\u00e3o Ecovias Sul<\/p>\n","protected":false},"excerpt":{"rendered":"<p>Toda a sinaliza\u00e7\u00e3o necess\u00e1ria j\u00e1 foi devidamente implantada no local. A Ecovias do Sul informa que, a partir da manh\u00e3 desta segunda-feira (29\/09), haver\u00e1 altera\u00e7\u00e3o no fluxo de ve\u00edculos na<\/p>\n","protected":false},"author":34,"featured_media":147803,"comment_status":"closed","ping_status":"closed","sticky":false,"template":"","format":"standard","meta":[],"categories":[305,857],"tags":[],"_links":{"self":[{"href":"https:\/\/diariodamanhapelotas.com.br\/site\/wp-json\/wp\/v2\/posts\/147802"}],"collection":[{"href":"https:\/\/diariodamanhapelotas.com.br\/site\/wp-json\/wp\/v2\/posts"}],"about":[{"href":"https:\/\/diariodamanhapelotas.com.br\/site\/wp-json\/wp\/v2\/types\/post"}],"author":[{"embeddable":true,"href":"https:\/\/diariodamanhapelotas.com.br\/site\/wp-json\/wp\/v2\/users\/34"}],"replies":[{"embeddable":true,"href":"https:\/\/diariodamanhapelotas.com.br\/site\/wp-json\/wp\/v2\/comments?post=147802"}],"version-history":[{"count":1,"href":"https:\/\/diariodamanhapelotas.com.br\/site\/wp-json\/wp\/v2\/posts\/147802\/revisions"}],"predecessor-version":[{"id":147804,"href":"https:\/\/diariodamanhapelotas.com.br\/site\/wp-json\/wp\/v2\/posts\/147802\/revisions\/147804"}],"wp:featuredmedia":[{"embeddable":true,"href":"https:\/\/diariodamanhapelotas.com.br\/site\/wp-json\/wp\/v2\/media\/147803"}],"wp:attachment":[{"href":"https:\/\/diariodamanhapelotas.com.br\/site\/wp-json\/wp\/v2\/media?parent=147802"}],"wp:term":[{"taxonomy":"category","embeddable":true,"href":"https:\/\/diariodamanhapelotas.com.br\/site\/wp-json\/wp\/v2\/categories?post=147802"},{"taxonomy":"post_tag","embeddable":true,"href":"https:\/\/diariodamanhapelotas.com.br\/site\/wp-json\/wp\/v2\/tags?post=147802"}],"curies":[{"name":"wp","href":"https:\/\/api.w.org\/{rel}","templated":true}]}}