{"id":147805,"date":"2025-09-29T13:35:52","date_gmt":"2025-09-29T16:35:52","guid":{"rendered":"https:\/\/diariodamanhapelotas.com.br\/site\/?p=147805"},"modified":"2025-09-29T13:36:44","modified_gmt":"2025-09-29T16:36:44","slug":"edital-de-leilao-e-intimacao-de-edvin-bubolz-1a-vara-civel-de-sao-lourenco-do-sul","status":"publish","type":"post","link":"https:\/\/diariodamanhapelotas.com.br\/site\/edital-de-leilao-e-intimacao-de-edvin-bubolz-1a-vara-civel-de-sao-lourenco-do-sul\/","title":{"rendered":"Edital de Leil\u00e3o e Intima\u00e7\u00e3o de Edvin Bubolz &#8211; 1\u00aa Vara C\u00edvel de S\u00e3o Louren\u00e7o do Sul"},"content":{"rendered":"<p><strong>Edital publicado em 29 de setembro de 2025.<\/strong><\/p>\n<p><a href=\"http:\/\/www.szortykaleiloes.com.br\" target=\"_blank\" rel=\"noopener noreferrer\"><img loading=\"lazy\" class=\"size-full wp-image-147806 aligncenter\" src=\"https:\/\/diariodamanhapelotas.com.br\/site\/wp-content\/uploads\/2025\/09\/edital-edvin-bubolz-assinado.jpg\" rel=\"lightbox\" title=\"Edital de Leil\u00e3o e Intima\u00e7\u00e3o de Edvin Bubolz - 1\u00aa Vara C\u00edvel de S\u00e3o Louren\u00e7o do Sul\" alt=\"\" width=\"539\" height=\"600\" srcset=\"https:\/\/diariodamanhapelotas.com.br\/site\/wp-content\/uploads\/2025\/09\/edital-edvin-bubolz-assinado.jpg 539w, https:\/\/diariodamanhapelotas.com.br\/site\/wp-content\/uploads\/2025\/09\/edital-edvin-bubolz-assinado-270x300.jpg 270w, https:\/\/diariodamanhapelotas.com.br\/site\/wp-content\/uploads\/2025\/09\/edital-edvin-bubolz-assinado-135x150.jpg 135w\" sizes=\"(max-width: 539px) 100vw, 539px\" \/><\/a><\/p>\n","protected":false},"excerpt":{"rendered":"<p>Edital publicado em 29 de setembro de 2025.<\/p>\n","protected":false},"author":3,"featured_media":116067,"comment_status":"closed","ping_status":"closed","sticky":false,"template":"","format":"standard","meta":[],"categories":[887],"tags":[],"_links":{"self":[{"href":"https:\/\/diariodamanhapelotas.com.br\/site\/wp-json\/wp\/v2\/posts\/147805"}],"collection":[{"href":"https:\/\/diariodamanhapelotas.com.br\/site\/wp-json\/wp\/v2\/posts"}],"about":[{"href":"https:\/\/diariodamanhapelotas.com.br\/site\/wp-json\/wp\/v2\/types\/post"}],"author":[{"embeddable":true,"href":"https:\/\/diariodamanhapelotas.com.br\/site\/wp-json\/wp\/v2\/users\/3"}],"replies":[{"embeddable":true,"href":"https:\/\/diariodamanhapelotas.com.br\/site\/wp-json\/wp\/v2\/comments?post=147805"}],"version-history":[{"count":2,"href":"https:\/\/diariodamanhapelotas.com.br\/site\/wp-json\/wp\/v2\/posts\/147805\/revisions"}],"predecessor-version":[{"id":147808,"href":"https:\/\/diariodamanhapelotas.com.br\/site\/wp-json\/wp\/v2\/posts\/147805\/revisions\/147808"}],"wp:featuredmedia":[{"embeddable":true,"href":"https:\/\/diariodamanhapelotas.com.br\/site\/wp-json\/wp\/v2\/media\/116067"}],"wp:attachment":[{"href":"https:\/\/diariodamanhapelotas.com.br\/site\/wp-json\/wp\/v2\/media?parent=147805"}],"wp:term":[{"taxonomy":"category","embeddable":true,"href":"https:\/\/diariodamanhapelotas.com.br\/site\/wp-json\/wp\/v2\/categories?post=147805"},{"taxonomy":"post_tag","embeddable":true,"href":"https:\/\/diariodamanhapelotas.com.br\/site\/wp-json\/wp\/v2\/tags?post=147805"}],"curies":[{"name":"wp","href":"https:\/\/api.w.org\/{rel}","templated":true}]}}