{"id":147814,"date":"2025-09-30T08:16:22","date_gmt":"2025-09-30T11:16:22","guid":{"rendered":"https:\/\/diariodamanhapelotas.com.br\/site\/?p=147814"},"modified":"2025-09-30T08:16:22","modified_gmt":"2025-09-30T11:16:22","slug":"marcola-e-o-novo-secretario-de-habitacao-de-pelotas","status":"publish","type":"post","link":"https:\/\/diariodamanhapelotas.com.br\/site\/marcola-e-o-novo-secretario-de-habitacao-de-pelotas\/","title":{"rendered":"Marcola \u00e9 o novo secret\u00e1rio de Habita\u00e7\u00e3o de Pelotas"},"content":{"rendered":"<h3 style=\"text-align: center;\"><em>Posse na pasta est\u00e1 prevista para o m\u00eas de outubro<\/em><\/h3>\n<p>Nesta segunda-feira (29), o prefeito Fernando Marroni anunciou, oficialmente, o nome de Marcos Ferreira, o Marcola para secret\u00e1rio de Habita\u00e7\u00e3o e Regulariza\u00e7\u00e3o Fundi\u00e1ria. A posse est\u00e1 prevista para o m\u00eas de outubro.<\/p>\n<p>O futuro secret\u00e1rio recebe o convite com muita honra. &#8220;\u00c9 um enorme orgulho poder contribuir na \u00e1rea habitacional da nossa cidade, especialmente num governo democr\u00e1tico, com um prefeito que tenho muito respeito e uma trajet\u00f3ria pol\u00edtica pr\u00f3xima&#8221;, avalia.<\/p>\n<p>Marcola \u00e9 formado em direito e vereador eleito vereador quatro vezes. O primeiro mandato come\u00e7ou em 2013 e segue at\u00e9 a atual gest\u00e3o, da qual se licenciou para assumir a SHRF.<\/p>\n<p>Foi presidente da C\u00e2mara de Vereadores em 2022, e presidiou as comiss\u00f5es de Constitui\u00e7\u00e3o e Justi\u00e7a, e de Sa\u00fade. Atuou, especialmente nas \u00e1reas da sa\u00fade e do trabalho. Foi presidente do Terezinha Futebol Clube e lideran\u00e7a comunit\u00e1ria da Zona Norte.<\/p>\n<p>Marcola deixa a C\u00e2mara de Vereadores e no seu lugar deve assumir o suplente Marcelo Fonseca, do Uni\u00e3o Brasil.<\/p>\n<p>Foto: Ricardo Bandar<\/p>\n","protected":false},"excerpt":{"rendered":"<p>Posse na pasta est\u00e1 prevista para o m\u00eas de outubro Nesta segunda-feira (29), o prefeito Fernando Marroni anunciou, oficialmente, o nome de Marcos Ferreira, o Marcola para secret\u00e1rio de Habita\u00e7\u00e3o<\/p>\n","protected":false},"author":3,"featured_media":147815,"comment_status":"closed","ping_status":"closed","sticky":false,"template":"","format":"standard","meta":[],"categories":[305,28],"tags":[],"_links":{"self":[{"href":"https:\/\/diariodamanhapelotas.com.br\/site\/wp-json\/wp\/v2\/posts\/147814"}],"collection":[{"href":"https:\/\/diariodamanhapelotas.com.br\/site\/wp-json\/wp\/v2\/posts"}],"about":[{"href":"https:\/\/diariodamanhapelotas.com.br\/site\/wp-json\/wp\/v2\/types\/post"}],"author":[{"embeddable":true,"href":"https:\/\/diariodamanhapelotas.com.br\/site\/wp-json\/wp\/v2\/users\/3"}],"replies":[{"embeddable":true,"href":"https:\/\/diariodamanhapelotas.com.br\/site\/wp-json\/wp\/v2\/comments?post=147814"}],"version-history":[{"count":1,"href":"https:\/\/diariodamanhapelotas.com.br\/site\/wp-json\/wp\/v2\/posts\/147814\/revisions"}],"predecessor-version":[{"id":147816,"href":"https:\/\/diariodamanhapelotas.com.br\/site\/wp-json\/wp\/v2\/posts\/147814\/revisions\/147816"}],"wp:featuredmedia":[{"embeddable":true,"href":"https:\/\/diariodamanhapelotas.com.br\/site\/wp-json\/wp\/v2\/media\/147815"}],"wp:attachment":[{"href":"https:\/\/diariodamanhapelotas.com.br\/site\/wp-json\/wp\/v2\/media?parent=147814"}],"wp:term":[{"taxonomy":"category","embeddable":true,"href":"https:\/\/diariodamanhapelotas.com.br\/site\/wp-json\/wp\/v2\/categories?post=147814"},{"taxonomy":"post_tag","embeddable":true,"href":"https:\/\/diariodamanhapelotas.com.br\/site\/wp-json\/wp\/v2\/tags?post=147814"}],"curies":[{"name":"wp","href":"https:\/\/api.w.org\/{rel}","templated":true}]}}