{"id":147817,"date":"2025-09-30T08:27:36","date_gmt":"2025-09-30T11:27:36","guid":{"rendered":"https:\/\/diariodamanhapelotas.com.br\/site\/?p=147817"},"modified":"2025-09-30T08:27:36","modified_gmt":"2025-09-30T11:27:36","slug":"decreto-de-emergencia-em-saude-e-prorrogado","status":"publish","type":"post","link":"https:\/\/diariodamanhapelotas.com.br\/site\/decreto-de-emergencia-em-saude-e-prorrogado\/","title":{"rendered":"Decreto de emerg\u00eancia em sa\u00fade \u00e9 prorrogado"},"content":{"rendered":"<h3 style=\"text-align: center;\"><em>SMS argumenta que a baixa resposta \u00e0 vacina\u00e7\u00e3o, de parte da popula\u00e7\u00e3o, foi a principal respons\u00e1vel pelo aumento das interna\u00e7\u00f5es por Influenza e Covid<\/em><\/h3>\n<p>A Prefeitura prorrogar\u00e1, por mais 120 dias, o Decreto de Emerg\u00eancia em Sa\u00fade P\u00fablica de 30 de maio deste ano. Ap\u00f3s an\u00e1lise t\u00e9cnica da situa\u00e7\u00e3o epidemiol\u00f3gica, a Secretaria Municipal de Sa\u00fade (SMS) constatou a necessidade de prorroga\u00e7\u00e3o. H\u00e1 120 dias, a previs\u00e3o de amplia\u00e7\u00e3o das coberturas vacinais, inclusive com mais de 50 iniciativas extramuros, dava conta de prov\u00e1vel redu\u00e7\u00e3o de ocorr\u00eancias. No entanto, a falta de resposta de parte da popula\u00e7\u00e3o \u00e0 vacina\u00e7\u00e3o promoveu altos \u00edndices de interna\u00e7\u00f5es por Influenza, Covid e s\u00edndromes respirat\u00f3rias.<\/p>\n<p>A SMS informa que, nos \u00faltimos meses, de maio at\u00e9 o dia 15 de setembro, foram 140 interna\u00e7\u00f5es por Covid ou Influenza, das quais 80% das pessoas n\u00e3o estavam vacinadas. Foram registrados 21 \u00f3bitos no per\u00edodo. As interna\u00e7\u00f5es por s\u00edndromes gripais tamb\u00e9m foram crescentes, totalizando 373 casos, com 80% n\u00e3o vacinados.<\/p>\n<p>A secret\u00e1ria de Sa\u00fade, \u00c2ngela Moreira Vit\u00f3ria, informa que o Munic\u00edpio adotou diversas medidas, como disponibiliza\u00e7\u00e3o de Unidades B\u00e1sicas de Sa\u00fade (UBSs) com hor\u00e1rio estendido at\u00e9 as 22h, vacina\u00e7\u00e3o extramuros, medica\u00e7\u00e3o Oseltamivir destinada a tratar quadros de H1N1, PS Cuida +, compra dos dez leitos cl\u00ednicos e dez leitos UTI a mais. Mesmo assim, a ocupa\u00e7\u00e3o de leitos no Pronto Socorro (PS) manteve-se muita alta.<\/p>\n<p>De acordo com o controle da SMS, at\u00e9 15 de setembro, a taxa de ocupa\u00e7\u00e3o nos leitos cl\u00ednicos do PS foi de 154,53% e nos leitos de emerg\u00eancia, 98,10%. Da mesma forma, as notifica\u00e7\u00f5es de s\u00edndromes gripais para pessoas atendidas no Pronto Socorro, de maio a 15 de setembro, persistem muita altas.<\/p>\n<p>Uma das medidas adotadas para dar resposta \u00e0 emerg\u00eancia respirat\u00f3ria e atender os objetivos do Decreto foi a cria\u00e7\u00e3o do PS Cuida +. O programa consiste em disponibilizar equipe de enfermagem e motoristas para atendimento domiciliar di\u00e1rio aos pacientes que tiveram avalia\u00e7\u00e3o m\u00e9dica de assist\u00eancia domiciliar e que, sem esse programa, necessitariam permanecer em leito do PS para administra\u00e7\u00e3o de medicamentos injet\u00e1veis e avalia\u00e7\u00e3o cl\u00ednica di\u00e1ria por profissional habilitado. O PS Cuida + atendeu 62 pacientes de maio a 15 de setembro com tratamento finalizado. Mant\u00e9m seis atendimentos durante o dia e quatro noturnos.<\/p>\n<p>Apesar das estrat\u00e9gias, o PS continua lotado devido a muitos pacientes com SRAG e S\u00edndromes Gripais necessitarem de oxig\u00eanio. Esse quadro gerou sobrecarga da rede hospitalar que repercutiu em adiamento de cirurgias eletivas, impactando toda a rede de assist\u00eancia.<\/p>\n<p>Fotos: Paula Schild Mascarenhas<\/p>\n","protected":false},"excerpt":{"rendered":"<p>SMS argumenta que a baixa resposta \u00e0 vacina\u00e7\u00e3o, de parte da popula\u00e7\u00e3o, foi a principal respons\u00e1vel pelo aumento das interna\u00e7\u00f5es por Influenza e Covid A Prefeitura prorrogar\u00e1, por mais 120<\/p>\n","protected":false},"author":3,"featured_media":147819,"comment_status":"closed","ping_status":"closed","sticky":false,"template":"","format":"standard","meta":[],"categories":[305,150],"tags":[],"_links":{"self":[{"href":"https:\/\/diariodamanhapelotas.com.br\/site\/wp-json\/wp\/v2\/posts\/147817"}],"collection":[{"href":"https:\/\/diariodamanhapelotas.com.br\/site\/wp-json\/wp\/v2\/posts"}],"about":[{"href":"https:\/\/diariodamanhapelotas.com.br\/site\/wp-json\/wp\/v2\/types\/post"}],"author":[{"embeddable":true,"href":"https:\/\/diariodamanhapelotas.com.br\/site\/wp-json\/wp\/v2\/users\/3"}],"replies":[{"embeddable":true,"href":"https:\/\/diariodamanhapelotas.com.br\/site\/wp-json\/wp\/v2\/comments?post=147817"}],"version-history":[{"count":1,"href":"https:\/\/diariodamanhapelotas.com.br\/site\/wp-json\/wp\/v2\/posts\/147817\/revisions"}],"predecessor-version":[{"id":147820,"href":"https:\/\/diariodamanhapelotas.com.br\/site\/wp-json\/wp\/v2\/posts\/147817\/revisions\/147820"}],"wp:featuredmedia":[{"embeddable":true,"href":"https:\/\/diariodamanhapelotas.com.br\/site\/wp-json\/wp\/v2\/media\/147819"}],"wp:attachment":[{"href":"https:\/\/diariodamanhapelotas.com.br\/site\/wp-json\/wp\/v2\/media?parent=147817"}],"wp:term":[{"taxonomy":"category","embeddable":true,"href":"https:\/\/diariodamanhapelotas.com.br\/site\/wp-json\/wp\/v2\/categories?post=147817"},{"taxonomy":"post_tag","embeddable":true,"href":"https:\/\/diariodamanhapelotas.com.br\/site\/wp-json\/wp\/v2\/tags?post=147817"}],"curies":[{"name":"wp","href":"https:\/\/api.w.org\/{rel}","templated":true}]}}