{"id":147821,"date":"2025-09-30T08:32:36","date_gmt":"2025-09-30T11:32:36","guid":{"rendered":"https:\/\/diariodamanhapelotas.com.br\/site\/?p=147821"},"modified":"2025-09-30T08:32:36","modified_gmt":"2025-09-30T11:32:36","slug":"a-flauta-magica-mozart-e-o-eterno-som-da-luz","status":"publish","type":"post","link":"https:\/\/diariodamanhapelotas.com.br\/site\/a-flauta-magica-mozart-e-o-eterno-som-da-luz\/","title":{"rendered":"A Flauta M\u00e1gica, Mozart e o Eterno Som da Luz"},"content":{"rendered":"<h3 style=\"text-align: center;\"><em>No palco do tempo, a flauta ainda canta entre luz e sombras<\/em><\/h3>\n<p style=\"text-align: center;\"><em><strong>Marcelo Gonzales*<\/strong><\/em><\/p>\n<p style=\"text-align: center;\"><em><strong>@celogonzales @vidadevinil<\/strong><\/em><\/p>\n<p>H\u00e1 dias em que eu acordo com a sensa\u00e7\u00e3o de que a m\u00fasica j\u00e1 estava escrita antes de n\u00f3s. Como se certas melodias fossem apenas portais, portas abertas para que atravess\u00e1ssemos juntos, conduzidos pela m\u00e3o invis\u00edvel de um compositor que nunca conhecemos. Assim \u00e9 quando penso em <em>A Flauta M\u00e1gica<\/em> de Mozart, estreada num 30 de setembro&#8230; l\u00e1 em 1791.<\/p>\n<p>Imagino Viena naquela noite. O teatro pequeno, as luzes t\u00eanues, Mozart regendo ao cravo com o corpo j\u00e1 enfraquecido, mas a alma ainda em chamas. Schikaneder no palco como Papageno, arrancando risos da plateia popular, enquanto a orquestra faz soar aqueles tr\u00eas acordes solenes da abertura, quase um rito de inicia\u00e7\u00e3o. Eu fecho os olhos e escuto luz e sombra em di\u00e1logo, filosofia e humor de m\u00e3os dadas.<\/p>\n<p>A hist\u00f3ria \u00e9 simples e complexa como a pr\u00f3pria vida. Tamino, o pr\u00edncipe em busca de amor e ilumina\u00e7\u00e3o. Pamina, a pureza que se oferece como guia. A Rainha da Noite, furiosa, vingativa, lan\u00e7ando sua \u00e1ria cortante como um punhal que atravessa o cora\u00e7\u00e3o, e quem nunca se arrepiou ao ouvir aquelas notas agud\u00edssimas que parecem nascer de outro mundo? Do outro lado, Sarastro, grave e profundo, como se carregasse nos tons baixos toda a sabedoria do Iluminismo. E no meio de tudo, Papageno, esse homem comum que s\u00f3 quer vinho, comida, p\u00e1ssaros e uma companheira para dividir a vida. Eu sorrio sempre que penso nele, porque \u00e9 nele que n\u00f3s todos nos reconhecemos.<\/p>\n<p>E a m\u00fasica\u2026 ah, a m\u00fasica n\u00e3o \u00e9 s\u00f3 bela. \u00c9 tamb\u00e9m s\u00edmbolo. S\u00e3o provas, inicia\u00e7\u00f5es, a travessia do sil\u00eancio, a coragem de atravessar fogo e \u00e1gua. \u00c9 a ma\u00e7onaria de Mozart disfar\u00e7ada em poesia popular, \u00e9 a filosofia traduzida em can\u00e7\u00f5es que qualquer pessoa poderia assobiar ao sair do teatro. Talvez esteja a\u00ed a genialidade aflorada na \u00f3pera mais profunda do s\u00e9culo XVIII \u00e9 tamb\u00e9m a mais pr\u00f3xima da rua.<\/p>\n<p>O que me toca em <em>A Flauta M\u00e1gica<\/em> n\u00e3o \u00e9 apenas a perfei\u00e7\u00e3o musical, mas a forma como ela fala de n\u00f3s. Somos Tamino e Pamina buscando sentido, somos Papageno fugindo das responsabilidades, somos tamb\u00e9m Rainha da Noite quando a vingan\u00e7a ferve em nosso cora\u00e7\u00e3o. E talvez um pouco de Sarastro, tentando cultivar sabedoria em meio ao caos.<\/p>\n<p>Mozart morreu poucos meses depois dessa estreia. N\u00e3o viu o quanto sua flauta ecoaria pelo mundo. Mas cada vez que essa \u00f3pera \u00e9 montada, seja numa encena\u00e7\u00e3o cl\u00e1ssica, seja numa vers\u00e3o moderna, at\u00e9 em desenhos animados, eu sinto que ele nos deixou um mapa. Um convite para n\u00e3o esquecermos que, no fim, o que vence n\u00e3o \u00e9 a vingan\u00e7a, n\u00e3o \u00e9 a escurid\u00e3o, mas a luz, o amor, a m\u00fasica.<\/p>\n<p>Hoje, s\u00e9culos depois, quando o mundo insiste em nos lan\u00e7ar sombras, talvez ainda sejamos todos iniciados em sil\u00eancio. Talvez cada um de n\u00f3s carregue, invis\u00edvel, a sua pr\u00f3pria flauta m\u00e1gica.<\/p>\n<p>E quando ela toca, o caminho se ilumina.<\/p>\n<p style=\"text-align: right;\"><em>*Marcelo Gonzales \u00e9 autor do blog Que Dia \u00e9 Hoje?, vive entre discos de vinil e muita m\u00eddia f\u00edsica, sempre atento \u00e0 m\u00fasica, \u00e0 cultura e ao jornalismo, compartilhando hist\u00f3rias que conectam gera\u00e7\u00f5es.<\/em><\/p>\n","protected":false},"excerpt":{"rendered":"<p>No palco do tempo, a flauta ainda canta entre luz e sombras Marcelo Gonzales* @celogonzales @vidadevinil H\u00e1 dias em que eu acordo com a sensa\u00e7\u00e3o de que a m\u00fasica j\u00e1<\/p>\n","protected":false},"author":3,"featured_media":147822,"comment_status":"closed","ping_status":"closed","sticky":false,"template":"","format":"standard","meta":[],"categories":[305,32],"tags":[],"_links":{"self":[{"href":"https:\/\/diariodamanhapelotas.com.br\/site\/wp-json\/wp\/v2\/posts\/147821"}],"collection":[{"href":"https:\/\/diariodamanhapelotas.com.br\/site\/wp-json\/wp\/v2\/posts"}],"about":[{"href":"https:\/\/diariodamanhapelotas.com.br\/site\/wp-json\/wp\/v2\/types\/post"}],"author":[{"embeddable":true,"href":"https:\/\/diariodamanhapelotas.com.br\/site\/wp-json\/wp\/v2\/users\/3"}],"replies":[{"embeddable":true,"href":"https:\/\/diariodamanhapelotas.com.br\/site\/wp-json\/wp\/v2\/comments?post=147821"}],"version-history":[{"count":1,"href":"https:\/\/diariodamanhapelotas.com.br\/site\/wp-json\/wp\/v2\/posts\/147821\/revisions"}],"predecessor-version":[{"id":147823,"href":"https:\/\/diariodamanhapelotas.com.br\/site\/wp-json\/wp\/v2\/posts\/147821\/revisions\/147823"}],"wp:featuredmedia":[{"embeddable":true,"href":"https:\/\/diariodamanhapelotas.com.br\/site\/wp-json\/wp\/v2\/media\/147822"}],"wp:attachment":[{"href":"https:\/\/diariodamanhapelotas.com.br\/site\/wp-json\/wp\/v2\/media?parent=147821"}],"wp:term":[{"taxonomy":"category","embeddable":true,"href":"https:\/\/diariodamanhapelotas.com.br\/site\/wp-json\/wp\/v2\/categories?post=147821"},{"taxonomy":"post_tag","embeddable":true,"href":"https:\/\/diariodamanhapelotas.com.br\/site\/wp-json\/wp\/v2\/tags?post=147821"}],"curies":[{"name":"wp","href":"https:\/\/api.w.org\/{rel}","templated":true}]}}