{"id":147824,"date":"2025-09-30T08:46:48","date_gmt":"2025-09-30T11:46:48","guid":{"rendered":"https:\/\/diariodamanhapelotas.com.br\/site\/?p=147824"},"modified":"2025-09-30T08:46:48","modified_gmt":"2025-09-30T11:46:48","slug":"ambulatorio-de-saude-mental-adulto-entra-em-atividade","status":"publish","type":"post","link":"https:\/\/diariodamanhapelotas.com.br\/site\/ambulatorio-de-saude-mental-adulto-entra-em-atividade\/","title":{"rendered":"Ambulat\u00f3rio de Sa\u00fade Mental Adulto entra em atividade"},"content":{"rendered":"<h3 style=\"text-align: center;\"><em>Caps e UBSs encaminham os pacientes para atendimento<\/em><\/h3>\n<p>\u201c<span style=\"font-style: inherit; font-weight: inherit;\"><span style=\"font-size: medium;\">Nossa tarefa \u00e9 vencer todos os desafios do SUS e a sa\u00fade mental \u00e9 um deles.\u201d A afirma\u00e7\u00e3o \u00e9 do prefeito Fernando Marroni, feita no ato de inaugura\u00e7\u00e3o da nova sede do Ambulat\u00f3rio Especializado de Sa\u00fade Mental Adulto, na manh\u00e3 desta segunda-feira (29), \u00e0 rua Gon\u00e7alves Chaves, 3.410. O servi\u00e7o volta a ser prestado em local espec\u00edfico em Pelotas.<\/span><\/span><\/p>\n<p>\u201c<span style=\"font-style: inherit; font-weight: inherit;\"><span style=\"font-size: medium;\">Abrimos nove Centros de Aten\u00e7\u00e3o Psicossocial (Caps) no primeiro mandato. Agora \u00e9 momento de reconstru\u00e7\u00e3o\u201d, pontuou o prefeito, salientando que Pelotas, em qualidade de atendimento prestado em sa\u00fade, nada deve a outros munc\u00edpios ou \u00e0 regi\u00e3o metropolitana. O Ambulat\u00f3rio inaugurado conta com m\u00e9dicos cl\u00ednicos, psic\u00f3logos e assistente social. H\u00e1 expectativa de cerca de 600 atendimentos ao m\u00eas. Os pacientes s\u00e3o encaminhados pelas Unidades B\u00e1sicas de Sa\u00fade (UBSs) e pelos Caps.<\/span><\/span><\/p>\n<p><span style=\"font-style: inherit; font-weight: inherit;\"><span style=\"font-size: medium;\">A secret\u00e1ria de Sa\u00fade, \u00c2ngela Moreira Vit\u00f3ria, comentou que a identifica\u00e7\u00e3o dos necessitados de atendimento \u00e9 feita por equipe, com avalia\u00e7\u00e3o de caso a caso. \u201cA rela\u00e7\u00e3o de matriciamento \u2013 retorno do paciente \u00e0s Unidades B\u00e1sicas \u2013 \u00e9 uma constru\u00e7\u00e3o de prosseguimento dos cuidados\u201d, afirmou, parabenizando as equipes da Sa\u00fade pelo carinho e criatividade, citando o exemplo do Caps na Rua, em diversos pontos da cidade, evento aberto \u00e0 popula\u00e7\u00e3o, para defender o compartilhamento, a socializa\u00e7\u00e3o e difundir conhecimento sobre sa\u00fade mental.<\/span><\/span><\/p>\n<p><img loading=\"lazy\" class=\" wp-image-147825 aligncenter\" src=\"https:\/\/diariodamanhapelotas.com.br\/site\/wp-content\/uploads\/2025\/09\/marroni-saude-mental-volmer-1.jpeg\" alt=\"\" width=\"667\" height=\"445\" srcset=\"https:\/\/diariodamanhapelotas.com.br\/site\/wp-content\/uploads\/2025\/09\/marroni-saude-mental-volmer-1.jpeg 800w, https:\/\/diariodamanhapelotas.com.br\/site\/wp-content\/uploads\/2025\/09\/marroni-saude-mental-volmer-1-300x200.jpeg 300w, https:\/\/diariodamanhapelotas.com.br\/site\/wp-content\/uploads\/2025\/09\/marroni-saude-mental-volmer-1-150x100.jpeg 150w, https:\/\/diariodamanhapelotas.com.br\/site\/wp-content\/uploads\/2025\/09\/marroni-saude-mental-volmer-1-768x513.jpeg 768w\" sizes=\"(max-width: 667px) 100vw, 667px\" \/><\/p>\n<p><span style=\"font-style: inherit; font-weight: inherit;\"><span style=\"font-size: medium;\">A coordenadora do Ambulat\u00f3rio, Tha\u00eds Rodrigues dos Santos, a presidente do Conselho Municipal da Sa\u00fade, Bernadete Lovatel, e a coordenadora da Rede de Aten\u00e7\u00e3o Psicossocial (Raps) do Munic\u00edpio, Luciane Kantorski, tamb\u00e9m se pronunciaram, destacando a import\u00e2ncia do Ambulat\u00f3rio e a abrang\u00eancia dos atendimentos. A Raps conta com cerca de 180 servidores em Pelotas.<\/span><\/span><\/p>\n<p><span style=\"font-style: inherit; font-weight: inherit;\"><span style=\"font-size: medium;\">O Ambulat\u00f3rio presta aten\u00e7\u00e3o especializada e continuada a pacientes com transtornos mentais moderados &#8211; pessoas em sofrimento ps\u00edquico moderado -, diagnosticadas, cujos casos n\u00e3o exijam cuidado intensivo e\/ou acompanhamento di\u00e1rio.<\/span><\/span><\/p>\n<p><span style=\"font-style: inherit; font-weight: inherit;\"><span style=\"font-size: medium;\">Ap\u00f3s a inaugura\u00e7\u00e3o oficial do Ambulat\u00f3rio, o prefeito e a secret\u00e1ria visitaram as instala\u00e7\u00f5es da casa.<\/span><\/span><\/p>\n<p>Fotos: Volmer Perez<\/p>\n","protected":false},"excerpt":{"rendered":"<p>Caps e UBSs encaminham os pacientes para atendimento \u201cNossa tarefa \u00e9 vencer todos os desafios do SUS e a sa\u00fade mental \u00e9 um deles.\u201d A afirma\u00e7\u00e3o \u00e9 do prefeito Fernando<\/p>\n","protected":false},"author":3,"featured_media":147826,"comment_status":"closed","ping_status":"closed","sticky":false,"template":"","format":"standard","meta":[],"categories":[305,150],"tags":[],"_links":{"self":[{"href":"https:\/\/diariodamanhapelotas.com.br\/site\/wp-json\/wp\/v2\/posts\/147824"}],"collection":[{"href":"https:\/\/diariodamanhapelotas.com.br\/site\/wp-json\/wp\/v2\/posts"}],"about":[{"href":"https:\/\/diariodamanhapelotas.com.br\/site\/wp-json\/wp\/v2\/types\/post"}],"author":[{"embeddable":true,"href":"https:\/\/diariodamanhapelotas.com.br\/site\/wp-json\/wp\/v2\/users\/3"}],"replies":[{"embeddable":true,"href":"https:\/\/diariodamanhapelotas.com.br\/site\/wp-json\/wp\/v2\/comments?post=147824"}],"version-history":[{"count":1,"href":"https:\/\/diariodamanhapelotas.com.br\/site\/wp-json\/wp\/v2\/posts\/147824\/revisions"}],"predecessor-version":[{"id":147827,"href":"https:\/\/diariodamanhapelotas.com.br\/site\/wp-json\/wp\/v2\/posts\/147824\/revisions\/147827"}],"wp:featuredmedia":[{"embeddable":true,"href":"https:\/\/diariodamanhapelotas.com.br\/site\/wp-json\/wp\/v2\/media\/147826"}],"wp:attachment":[{"href":"https:\/\/diariodamanhapelotas.com.br\/site\/wp-json\/wp\/v2\/media?parent=147824"}],"wp:term":[{"taxonomy":"category","embeddable":true,"href":"https:\/\/diariodamanhapelotas.com.br\/site\/wp-json\/wp\/v2\/categories?post=147824"},{"taxonomy":"post_tag","embeddable":true,"href":"https:\/\/diariodamanhapelotas.com.br\/site\/wp-json\/wp\/v2\/tags?post=147824"}],"curies":[{"name":"wp","href":"https:\/\/api.w.org\/{rel}","templated":true}]}}