{"id":147831,"date":"2025-09-30T10:11:38","date_gmt":"2025-09-30T13:11:38","guid":{"rendered":"https:\/\/diariodamanhapelotas.com.br\/site\/?p=147831"},"modified":"2025-09-30T10:11:38","modified_gmt":"2025-09-30T13:11:38","slug":"edital-de-leilao-e-intimacao-de-luiz-augusto-timm-saalfeld-e-outro-1a-vara-civel-de-sao-lourenco-do-sul","status":"publish","type":"post","link":"https:\/\/diariodamanhapelotas.com.br\/site\/edital-de-leilao-e-intimacao-de-luiz-augusto-timm-saalfeld-e-outro-1a-vara-civel-de-sao-lourenco-do-sul\/","title":{"rendered":"Edital de Leil\u00e3o e Intima\u00e7\u00e3o de Luiz Augusto Timm Saalfeld e outro \u2013 1\u00aa Vara C\u00edvel de S\u00e3o Louren\u00e7o do Sul"},"content":{"rendered":"<p><strong>Edital publicado em 30 de setembro de 2025.<\/strong><\/p>\n<p><a href=\"http:\/\/www.szortykaleiloes.com.br\" target=\"_blank\" rel=\"noopener noreferrer\"><img loading=\"lazy\" class=\"aligncenter wp-image-147833\" src=\"https:\/\/diariodamanhapelotas.com.br\/site\/wp-content\/uploads\/2025\/09\/edital-luiz-augusto-timm-saalfeld-e-outro-assinado1.jpg\" rel=\"lightbox\" title=\"Edital de Leil\u00e3o e Intima\u00e7\u00e3o de Luiz Augusto Timm Saalfeld e outro \u2013 1\u00aa Vara C\u00edvel de S\u00e3o Louren\u00e7o do Sul\" alt=\"\" width=\"550\" height=\"521\" srcset=\"https:\/\/diariodamanhapelotas.com.br\/site\/wp-content\/uploads\/2025\/09\/edital-luiz-augusto-timm-saalfeld-e-outro-assinado1.jpg 634w, https:\/\/diariodamanhapelotas.com.br\/site\/wp-content\/uploads\/2025\/09\/edital-luiz-augusto-timm-saalfeld-e-outro-assinado1-300x284.jpg 300w, https:\/\/diariodamanhapelotas.com.br\/site\/wp-content\/uploads\/2025\/09\/edital-luiz-augusto-timm-saalfeld-e-outro-assinado1-150x142.jpg 150w\" sizes=\"(max-width: 550px) 100vw, 550px\" \/><\/a><a href=\"http:\/\/www.szortykaleiloes.com.br\" target=\"_blank\" rel=\"noopener noreferrer\"><img loading=\"lazy\" class=\"aligncenter wp-image-147832\" src=\"https:\/\/diariodamanhapelotas.com.br\/site\/wp-content\/uploads\/2025\/09\/edital-luiz-augusto-timm-saalfeld-e-outro-assinado2.jpg\" rel=\"lightbox\" title=\"Edital de Leil\u00e3o e Intima\u00e7\u00e3o de Luiz Augusto Timm Saalfeld e outro \u2013 1\u00aa Vara C\u00edvel de S\u00e3o Louren\u00e7o do Sul\" alt=\"\" width=\"550\" height=\"538\" srcset=\"https:\/\/diariodamanhapelotas.com.br\/site\/wp-content\/uploads\/2025\/09\/edital-luiz-augusto-timm-saalfeld-e-outro-assinado2.jpg 613w, https:\/\/diariodamanhapelotas.com.br\/site\/wp-content\/uploads\/2025\/09\/edital-luiz-augusto-timm-saalfeld-e-outro-assinado2-300x294.jpg 300w, https:\/\/diariodamanhapelotas.com.br\/site\/wp-content\/uploads\/2025\/09\/edital-luiz-augusto-timm-saalfeld-e-outro-assinado2-150x147.jpg 150w\" sizes=\"(max-width: 550px) 100vw, 550px\" \/><\/a><\/p>\n","protected":false},"excerpt":{"rendered":"<p>Edital publicado em 30 de setembro de 2025.<\/p>\n","protected":false},"author":3,"featured_media":116067,"comment_status":"closed","ping_status":"closed","sticky":false,"template":"","format":"standard","meta":[],"categories":[887],"tags":[],"_links":{"self":[{"href":"https:\/\/diariodamanhapelotas.com.br\/site\/wp-json\/wp\/v2\/posts\/147831"}],"collection":[{"href":"https:\/\/diariodamanhapelotas.com.br\/site\/wp-json\/wp\/v2\/posts"}],"about":[{"href":"https:\/\/diariodamanhapelotas.com.br\/site\/wp-json\/wp\/v2\/types\/post"}],"author":[{"embeddable":true,"href":"https:\/\/diariodamanhapelotas.com.br\/site\/wp-json\/wp\/v2\/users\/3"}],"replies":[{"embeddable":true,"href":"https:\/\/diariodamanhapelotas.com.br\/site\/wp-json\/wp\/v2\/comments?post=147831"}],"version-history":[{"count":1,"href":"https:\/\/diariodamanhapelotas.com.br\/site\/wp-json\/wp\/v2\/posts\/147831\/revisions"}],"predecessor-version":[{"id":147834,"href":"https:\/\/diariodamanhapelotas.com.br\/site\/wp-json\/wp\/v2\/posts\/147831\/revisions\/147834"}],"wp:featuredmedia":[{"embeddable":true,"href":"https:\/\/diariodamanhapelotas.com.br\/site\/wp-json\/wp\/v2\/media\/116067"}],"wp:attachment":[{"href":"https:\/\/diariodamanhapelotas.com.br\/site\/wp-json\/wp\/v2\/media?parent=147831"}],"wp:term":[{"taxonomy":"category","embeddable":true,"href":"https:\/\/diariodamanhapelotas.com.br\/site\/wp-json\/wp\/v2\/categories?post=147831"},{"taxonomy":"post_tag","embeddable":true,"href":"https:\/\/diariodamanhapelotas.com.br\/site\/wp-json\/wp\/v2\/tags?post=147831"}],"curies":[{"name":"wp","href":"https:\/\/api.w.org\/{rel}","templated":true}]}}