{"id":147841,"date":"2025-09-30T11:21:41","date_gmt":"2025-09-30T14:21:41","guid":{"rendered":"https:\/\/diariodamanhapelotas.com.br\/site\/?p=147841"},"modified":"2025-09-30T11:23:51","modified_gmt":"2025-09-30T14:23:51","slug":"paulo-coitinho-presta-homenagem-a-atletas-do-projeto-remar-para-o-futuro","status":"publish","type":"post","link":"https:\/\/diariodamanhapelotas.com.br\/site\/paulo-coitinho-presta-homenagem-a-atletas-do-projeto-remar-para-o-futuro\/","title":{"rendered":"Paulo Coitinho presta homenagem a atletas do projeto Remar para o Futuro"},"content":{"rendered":"<h3 style=\"text-align: center;\" align=\"justify\"><strong><em>A homenagem, proposta pelo vereador Paulo Coitinho (Cidadania), destacou a conquista in\u00e9dita dos pelotenses, que representaram o Rio Grande do Sul na estreia da modalidade Remo Indoor na competi\u00e7\u00e3o nacional.<\/em><\/strong><\/h3>\n<p align=\"justify\">Na \u00faltima quinta-feira (25), durante o Grande Expediente Especial da C\u00e2mara Municipal de Pelotas, os atletas Nat\u00e1lia Colella e Jo\u00e3o Pedro Duarte, integrantes do projeto Remar para o Futuro, receberam uma Mo\u00e7\u00e3o de Aplauso e Reconhecimento, acompanhada de uma placa comemorativa pelo desempenho nos Jogos da Juventude 2025, realizados em Bras\u00edlia.<\/p>\n<p align=\"justify\">A homenagem, proposta pelo vereador Paulo Coitinho (Cidadania), destacou a conquista in\u00e9dita dos pelotenses, que representaram o Rio Grande do Sul na estreia da modalidade <em>Remo Indoor<\/em> na competi\u00e7\u00e3o nacional. Os resultados obtidos foram expressivos:<\/p>\n<p align=\"justify\"><strong>Medalha de bronze<\/strong>\u00a0para Nat\u00e1lia Colella na categoria individual feminina;<br \/>\n<strong>Medalha de prata<\/strong> para Jo\u00e3o Pedro Duarte na categoria individual masculina;<br \/>\n<strong>Medalha de prata<\/strong> na prova em duplas, conquistada pelos dois atletas.<\/p>\n<p align=\"justify\">Al\u00e9m dos feitos individuais, o reconhecimento ressaltou o simbolismo da participa\u00e7\u00e3o dos jovens, j\u00e1 que Nat\u00e1lia e Jo\u00e3o Pedro foram os \u00fanicos representantes de Pelotas nos Jogos da Juventude deste ano, levando o nome da cidade ao p\u00f3dio nacional.<\/p>\n<p align=\"justify\">Durante a entrega da honraria, o vereador Paulo Coitinho enfatizou a relev\u00e2ncia do momento: \u201c\u00c9 uma conquista que vai muito al\u00e9m das medalhas. Esses jovens representam dedica\u00e7\u00e3o, supera\u00e7\u00e3o e o potencial que Pelotas tem no esporte. O projeto Remar para o Futuro mostra como a uni\u00e3o de institui\u00e7\u00f5es pode transformar vidas e formar talentos. Hoje, esta Casa Legislativa celebra n\u00e3o apenas os atletas, mas toda a equipe e parceiros que acreditam nesse trabalho\u201d.<\/p>\n<p align=\"justify\">O projeto Remar para o Futuro \u00e9 uma extens\u00e3o da ESEF\/UFPel (Escola Superior de Educa\u00e7\u00e3o F\u00edsica e Fisioterapia da\u00a0Universidade Federal de Pelotas), em parceria com o Centro Portugu\u00eas e a Prefeitura Municipal, al\u00e9m de contar com apoio da Unimed Pelotas, recursos do Pr\u00f3-Esporte RS e patroc\u00ednio das empresas Adib Peixoto Arrozeira, Biscoitos Zez\u00e9, Yller Biomateriais e Refrigerantes Biri.<\/p>\n<p align=\"justify\">A homenagem marcou um momento de orgulho para a comunidade esportiva de Pelotas, celebrando o esp\u00edrito esportivo e a dedica\u00e7\u00e3o que levaram os atletas a conquistar resultados de destaque em n\u00edvel nacional.<\/p>\n","protected":false},"excerpt":{"rendered":"<p>A homenagem, proposta pelo vereador Paulo Coitinho (Cidadania), destacou a conquista in\u00e9dita dos pelotenses, que representaram o Rio Grande do Sul na estreia da modalidade Remo Indoor na competi\u00e7\u00e3o nacional.<\/p>\n","protected":false},"author":34,"featured_media":147842,"comment_status":"closed","ping_status":"closed","sticky":false,"template":"","format":"standard","meta":[],"categories":[305,149],"tags":[],"_links":{"self":[{"href":"https:\/\/diariodamanhapelotas.com.br\/site\/wp-json\/wp\/v2\/posts\/147841"}],"collection":[{"href":"https:\/\/diariodamanhapelotas.com.br\/site\/wp-json\/wp\/v2\/posts"}],"about":[{"href":"https:\/\/diariodamanhapelotas.com.br\/site\/wp-json\/wp\/v2\/types\/post"}],"author":[{"embeddable":true,"href":"https:\/\/diariodamanhapelotas.com.br\/site\/wp-json\/wp\/v2\/users\/34"}],"replies":[{"embeddable":true,"href":"https:\/\/diariodamanhapelotas.com.br\/site\/wp-json\/wp\/v2\/comments?post=147841"}],"version-history":[{"count":3,"href":"https:\/\/diariodamanhapelotas.com.br\/site\/wp-json\/wp\/v2\/posts\/147841\/revisions"}],"predecessor-version":[{"id":147845,"href":"https:\/\/diariodamanhapelotas.com.br\/site\/wp-json\/wp\/v2\/posts\/147841\/revisions\/147845"}],"wp:featuredmedia":[{"embeddable":true,"href":"https:\/\/diariodamanhapelotas.com.br\/site\/wp-json\/wp\/v2\/media\/147842"}],"wp:attachment":[{"href":"https:\/\/diariodamanhapelotas.com.br\/site\/wp-json\/wp\/v2\/media?parent=147841"}],"wp:term":[{"taxonomy":"category","embeddable":true,"href":"https:\/\/diariodamanhapelotas.com.br\/site\/wp-json\/wp\/v2\/categories?post=147841"},{"taxonomy":"post_tag","embeddable":true,"href":"https:\/\/diariodamanhapelotas.com.br\/site\/wp-json\/wp\/v2\/tags?post=147841"}],"curies":[{"name":"wp","href":"https:\/\/api.w.org\/{rel}","templated":true}]}}