{"id":147846,"date":"2025-09-30T16:56:35","date_gmt":"2025-09-30T19:56:35","guid":{"rendered":"https:\/\/diariodamanhapelotas.com.br\/site\/?p=147846"},"modified":"2025-09-30T16:56:35","modified_gmt":"2025-09-30T19:56:35","slug":"pgr-e-contra-vinculo-trabalhista-entre-motoristas-e-aplicativos","status":"publish","type":"post","link":"https:\/\/diariodamanhapelotas.com.br\/site\/pgr-e-contra-vinculo-trabalhista-entre-motoristas-e-aplicativos\/","title":{"rendered":"PGR \u00e9 contra v\u00ednculo trabalhista entre motoristas e aplicativos"},"content":{"rendered":"<h3 style=\"text-align: center;\"><em>Parecer foi enviado ao STF na v\u00e9spera do in\u00edcio do julgamento do tema<\/em><\/h3>\n<p>A Procuradoria-Geral da Rep\u00fablica (PGR) enviou nesta ter\u00e7a-feira (30) ao Supremo Tribunal Federal (STF) parecer contr\u00e1rio ao reconhecimento de v\u00ednculo trabalhista entre motoristas de aplicativos e as plataformas digitais.\u00a0A controv\u00e9rsia \u00e9 conhecida como \u201cuberiza\u00e7\u00e3o\u201d das rela\u00e7\u00f5es de trabalho.<\/p>\n<p>O parecer foi emitido \u00e0s v\u00e9speras do julgamento do STF que, a partir de desta quarta-feira (1\u00b0), vai definir se h\u00e1\u00a0v\u00ednculo trabalhista entre motoristas e\u00a0empresas.<\/p>\n<p>Na manifesta\u00e7\u00e3o, o procurador-geral da Rep\u00fablica, Paulo Gonet, citou precedentes do pr\u00f3prio Supremo que n\u00e3o reconheceram o v\u00ednculo trabalhista.<\/p>\n<p>\u201cA jurisprud\u00eancia do Supremo Tribunal Federal \u00e9 firme quanto \u00e0 constitucionalidade de contrata\u00e7\u00e3o por formas distintas do contrato de emprego regido pela Consolida\u00e7\u00e3o das Leis do Trabalho\u201d, afirmou Gonet.<\/p>\n<p>A Corte vai iniciar nesta quarta-feira o julgamento de duas a\u00e7\u00f5es que s\u00e3o relatadas pelos ministros Edson Fachin e Alexandre de Moraes e chegaram ao Supremo a partir de recursos protocolados pelas plataformas Rappi e Uber. As empresas contestam decis\u00f5es da Justi\u00e7a do Trabalho que reconheceram o v\u00ednculo empregat\u00edcio com os motoristas e entregadores.<\/p>\n<p>A decis\u00e3o que ser\u00e1 tomada pela Corte ter\u00e1 impacto em 10 mil processos que est\u00e3o parados em todo o pa\u00eds \u00e0 espera do posicionamento do plen\u00e1rio sobre a quest\u00e3o.<\/p>\n<p>Ag\u00eancia Brasil<\/p>\n","protected":false},"excerpt":{"rendered":"<p>Parecer foi enviado ao STF na v\u00e9spera do in\u00edcio do julgamento do tema A Procuradoria-Geral da Rep\u00fablica (PGR) enviou nesta ter\u00e7a-feira (30) ao Supremo Tribunal Federal (STF) parecer contr\u00e1rio ao<\/p>\n","protected":false},"author":3,"featured_media":142567,"comment_status":"closed","ping_status":"closed","sticky":false,"template":"","format":"standard","meta":[],"categories":[305,27],"tags":[],"_links":{"self":[{"href":"https:\/\/diariodamanhapelotas.com.br\/site\/wp-json\/wp\/v2\/posts\/147846"}],"collection":[{"href":"https:\/\/diariodamanhapelotas.com.br\/site\/wp-json\/wp\/v2\/posts"}],"about":[{"href":"https:\/\/diariodamanhapelotas.com.br\/site\/wp-json\/wp\/v2\/types\/post"}],"author":[{"embeddable":true,"href":"https:\/\/diariodamanhapelotas.com.br\/site\/wp-json\/wp\/v2\/users\/3"}],"replies":[{"embeddable":true,"href":"https:\/\/diariodamanhapelotas.com.br\/site\/wp-json\/wp\/v2\/comments?post=147846"}],"version-history":[{"count":1,"href":"https:\/\/diariodamanhapelotas.com.br\/site\/wp-json\/wp\/v2\/posts\/147846\/revisions"}],"predecessor-version":[{"id":147847,"href":"https:\/\/diariodamanhapelotas.com.br\/site\/wp-json\/wp\/v2\/posts\/147846\/revisions\/147847"}],"wp:featuredmedia":[{"embeddable":true,"href":"https:\/\/diariodamanhapelotas.com.br\/site\/wp-json\/wp\/v2\/media\/142567"}],"wp:attachment":[{"href":"https:\/\/diariodamanhapelotas.com.br\/site\/wp-json\/wp\/v2\/media?parent=147846"}],"wp:term":[{"taxonomy":"category","embeddable":true,"href":"https:\/\/diariodamanhapelotas.com.br\/site\/wp-json\/wp\/v2\/categories?post=147846"},{"taxonomy":"post_tag","embeddable":true,"href":"https:\/\/diariodamanhapelotas.com.br\/site\/wp-json\/wp\/v2\/tags?post=147846"}],"curies":[{"name":"wp","href":"https:\/\/api.w.org\/{rel}","templated":true}]}}