{"id":147850,"date":"2025-09-30T17:43:33","date_gmt":"2025-09-30T20:43:33","guid":{"rendered":"https:\/\/diariodamanhapelotas.com.br\/site\/?p=147850"},"modified":"2025-09-30T17:43:33","modified_gmt":"2025-09-30T20:43:33","slug":"3a-maratona-de-pelotas-tem-inscricoes-prorrogadas","status":"publish","type":"post","link":"https:\/\/diariodamanhapelotas.com.br\/site\/3a-maratona-de-pelotas-tem-inscricoes-prorrogadas\/","title":{"rendered":"3\u00aa Maratona de Pelotas tem inscri\u00e7\u00f5es prorrogadas"},"content":{"rendered":"<h3 style=\"text-align: center;\"><em>Evento ser\u00e1 realizado no dia 12 de outubro<\/em><\/h3>\n<p>Est\u00e1 prorrogado at\u00e9 o dia 05 de outubro o prazo de inscri\u00e7\u00f5es para a\u00a0<strong>3\u00aa Maratona Sesc de Pelotas.\u00a0<\/strong>\u00c9 poss\u00edvel participar da prova completa, de 42 km, da meia maratona, da caminhada participativa e das r\u00fasticas de 5km e 10km que integram o evento. O atleta interessado pode se cadastrar, at\u00e9 a data, no site\u00a0<a href=\"http:\/\/www.sesc-rs.com.br\/maratonadepelotas\/\">www.sesc-rs.com.br\/maratonadepelotas<\/a>\u00a0ou em qualquer Unidade do Sesc\/RS no Estado. O evento esportivo vai acontecer no dia 12 de outubro, com largadas a partir das 6h30 do Mercado P\u00fablico Municipal. A realiza\u00e7\u00e3o \u00e9 do Sistema Fecom\u00e9rcio-RS\/Sesc\/Senac e IFEP, por meio da Ger\u00eancia de Esporte e Lazer do Sesc\/RS e da Unidade Sesc de Pelotas, em parceria com a Prefeitura. A premia\u00e7\u00e3o inclui at\u00e9 R$ 6 mil e estadias nos hot\u00e9is Sesc em Gramado e Torres.<\/p>\n<p><strong>3\u00aa Maratona Sesc de Pelotas \u2013 Sesc\/RS<\/strong><\/p>\n<p><strong>\u00a0<\/strong><strong>Data<\/strong>: 12\/10 (domingo)<\/p>\n<p><strong>Local<\/strong>: Largada do Mercado P\u00fablico Municipal de Pelotas<\/p>\n<p><strong>Hor\u00e1rio:\u00a0<\/strong>6h30 (maratona e meia maratona), 9h (5km e 10km) e 10h (caminhada)<\/p>\n<p><strong>Categorias:\u00a0<\/strong>42km, 21km, 10km, 5km e caminhada participativa<\/p>\n<p>&nbsp;<\/p>\n<p><strong>Valores por lote:<\/strong><\/p>\n<p>&nbsp;<\/p>\n<p><strong><u>Maratona e Meia Maratona<\/u><\/strong><\/p>\n<p><strong>Lote final at\u00e9 05\/10<\/strong><\/p>\n<p>R$110 \u2013 Comerci\u00e1rios<\/p>\n<p>R$140 \u2013 P\u00fablico geral<\/p>\n<p>&nbsp;<\/p>\n<p><strong><u>Provas de 5km e 10km<\/u><\/strong><\/p>\n<p><strong>Lote \u00fanico at\u00e9 05\/10<\/strong><\/p>\n<p>R$ 80 \u2013 Comerci\u00e1rios<\/p>\n<p>R$ 95 \u2013 P\u00fablico geral<\/p>\n<p>&nbsp;<\/p>\n<p><strong><u>Caminhada 2,7 km<\/u><\/strong><\/p>\n<p><strong>Lote \u00fanico at\u00e9 05\/10<\/strong><\/p>\n<p>R$ 40 \u2013 Comerci\u00e1rios<\/p>\n<p>R$ 50 \u2013 P\u00fablico geral<\/p>\n<p>&nbsp;<\/p>\n<p><strong><u>Entrega dos Kits<\/u><\/strong><\/p>\n<p>&nbsp;<\/p>\n<p><strong>09\/10 (quinta-feira) \u2013 13h \u00e0s 19h<\/strong><\/p>\n<p><strong>Maratona (42 km) e Meia Maratona (21 km):<\/strong>\u00a0Loja Herc\u00edlio Cal\u00e7ad\u00e3o \u2013 R. Andrade Neves, 1.724<\/p>\n<p><strong>Caminhada Participativa:<\/strong>\u00a0Loja Herc\u00edlio Homem \u2013 R. Sete de Setembro, 301<\/p>\n<p><strong>R\u00fasticas 5 km e 10 km:<\/strong>\u00a0Loja Herc\u00edlio Esquina \u2013 R. Marechal Floriano, 153<\/p>\n<p>&nbsp;<\/p>\n<p><strong>10 e 11\/10 (sexta e s\u00e1bado) \u2013 8h30 \u00e0s 19h<\/strong><\/p>\n<p><strong>Maratona e Meia Maratona:\u00a0<\/strong>Loja Herc\u00edlio Cal\u00e7ad\u00e3o \u2013 R. Andrade Neves, 1.724<\/p>\n<p><strong>Caminhada Participativa:<\/strong>\u00a0Loja Herc\u00edlio Homem \u2013 R. Sete de Setembro, 301<\/p>\n<p><strong>R\u00fasticas 5 km e 10 km:\u00a0<\/strong>Loja Herc\u00edlio Esquina \u2013 R. Marechal Floriano, 153<\/p>\n<p>&nbsp;<\/p>\n<p><strong>12\/10 (domingo \u2013 dia da prova) \u2013 5h \u00e0s 10h<\/strong><\/p>\n<p><strong>Todas as modalidades:<\/strong>\u00a0Mercado P\u00fablico Municipal de Pelotas<\/p>\n","protected":false},"excerpt":{"rendered":"<p>Evento ser\u00e1 realizado no dia 12 de outubro Est\u00e1 prorrogado at\u00e9 o dia 05 de outubro o prazo de inscri\u00e7\u00f5es para a\u00a03\u00aa Maratona Sesc de Pelotas.\u00a0\u00c9 poss\u00edvel participar da prova<\/p>\n","protected":false},"author":34,"featured_media":139172,"comment_status":"closed","ping_status":"closed","sticky":false,"template":"","format":"standard","meta":[],"categories":[305,29],"tags":[],"_links":{"self":[{"href":"https:\/\/diariodamanhapelotas.com.br\/site\/wp-json\/wp\/v2\/posts\/147850"}],"collection":[{"href":"https:\/\/diariodamanhapelotas.com.br\/site\/wp-json\/wp\/v2\/posts"}],"about":[{"href":"https:\/\/diariodamanhapelotas.com.br\/site\/wp-json\/wp\/v2\/types\/post"}],"author":[{"embeddable":true,"href":"https:\/\/diariodamanhapelotas.com.br\/site\/wp-json\/wp\/v2\/users\/34"}],"replies":[{"embeddable":true,"href":"https:\/\/diariodamanhapelotas.com.br\/site\/wp-json\/wp\/v2\/comments?post=147850"}],"version-history":[{"count":1,"href":"https:\/\/diariodamanhapelotas.com.br\/site\/wp-json\/wp\/v2\/posts\/147850\/revisions"}],"predecessor-version":[{"id":147851,"href":"https:\/\/diariodamanhapelotas.com.br\/site\/wp-json\/wp\/v2\/posts\/147850\/revisions\/147851"}],"wp:featuredmedia":[{"embeddable":true,"href":"https:\/\/diariodamanhapelotas.com.br\/site\/wp-json\/wp\/v2\/media\/139172"}],"wp:attachment":[{"href":"https:\/\/diariodamanhapelotas.com.br\/site\/wp-json\/wp\/v2\/media?parent=147850"}],"wp:term":[{"taxonomy":"category","embeddable":true,"href":"https:\/\/diariodamanhapelotas.com.br\/site\/wp-json\/wp\/v2\/categories?post=147850"},{"taxonomy":"post_tag","embeddable":true,"href":"https:\/\/diariodamanhapelotas.com.br\/site\/wp-json\/wp\/v2\/tags?post=147850"}],"curies":[{"name":"wp","href":"https:\/\/api.w.org\/{rel}","templated":true}]}}