{"id":147855,"date":"2025-09-30T23:33:14","date_gmt":"2025-10-01T02:33:14","guid":{"rendered":"https:\/\/diariodamanhapelotas.com.br\/site\/?p=147855"},"modified":"2025-09-30T23:33:14","modified_gmt":"2025-10-01T02:33:14","slug":"comissao-de-orcamento-eleva-recursos-do-fundo-eleitoral-para-2026","status":"publish","type":"post","link":"https:\/\/diariodamanhapelotas.com.br\/site\/comissao-de-orcamento-eleva-recursos-do-fundo-eleitoral-para-2026\/","title":{"rendered":"Comiss\u00e3o de Or\u00e7amento eleva recursos do Fundo Eleitoral para 2026"},"content":{"rendered":"<h3 style=\"text-align: center;\"><em>A maior parte do dinheiro vir\u00e1 de emendas parlamentares<\/em><\/h3>\n<p>A <span id=\"4053\" class=\"termoGlossario\" title=\"\" contenteditable=\"false\" data-toggle=\"tooltip\" data-placement=\"top\" data-original-title=\"Comiss\u00e3o de deputados e senadores respons\u00e1vel pela an\u00e1lise das propostas or\u00e7ament\u00e1rias elaboradas pelo Executivo: Lei de Diretrizes Or\u00e7ament\u00e1rias (LDO), Lei Or\u00e7ament\u00e1ria Anual (LOA) e Plano Plurianual (PPA).\">Comiss\u00e3o Mista de Or\u00e7amento<\/span> do Congresso Nacional elevou de R$ 1 bilh\u00e3o para R$ 4,9 bilh\u00f5es o valor reservado no Or\u00e7amento de 2026 (<a href=\"https:\/\/www.camara.leg.br\/noticias\/1194585-SALARIO-MINIMO-DE-2026-SERA-DE-R$-1.631,-COM-AUMENTO-DE-7,44\">PLN 15\/25<\/a>) para as elei\u00e7\u00f5es do ano que vem.<\/p>\n<p>O relator da instru\u00e7\u00e3o normativa sobre o assunto (IN 1\/25), deputado Isnaldo Bulh\u00f5es Jr. (MDB-AL), disse que a proposta do Poder Executivo ser\u00e1 ajustada para atingir o valor das elei\u00e7\u00f5es de 2024.<\/p>\n<h4 style=\"text-align: center;\"><strong>Emendas parlamentares<\/strong><\/h4>\n<p>O governo j\u00e1 havia retirado R$ 1 bilh\u00e3o das emendas de bancadas estaduais para atender o Fundo Eleitoral. Agora, foram retirados mais R$ 2,9 bilh\u00f5es das emendas. O restante ser\u00e1 cortado das despesas n\u00e3o obrigat\u00f3rias.<\/p>\n<p>Com isso, a reserva para emendas de bancadas passar\u00e1 de R$ 15,2 bilh\u00f5es para R$ 11,2 bilh\u00f5es.<\/p>\n<p>Os ajustes ser\u00e3o feitos na Lei Or\u00e7ament\u00e1ria (<span id=\"4123\" class=\"termoGlossario\" title=\"\" contenteditable=\"false\" data-toggle=\"tooltip\" data-placement=\"top\" data-original-title=\"Comumente denominada or\u00e7amento, \u00e9 a lei que cont\u00e9m a discrimina\u00e7\u00e3o da receita e da despesa p\u00fablica para o ano. \u00c9 elaborada pelo Executivo e votada pelo Congresso Nacional.\">LOA<\/span>) de 2026. \u201cO relator-geral do projeto de lei or\u00e7ament\u00e1ria de 2026 tomar\u00e1 as provid\u00eancias necess\u00e1rias para o atendimento dessa instru\u00e7\u00e3o\u201d, disse Isnaldo Bulh\u00f5es.<\/p>\n<h4 style=\"text-align: center;\"><strong>LDO de 2026<\/strong><\/h4>\n<p>O presidente da comiss\u00e3o, senador Efraim Filho (Uni\u00e3o-PB), adiou a vota\u00e7\u00e3o da Lei de Diretrizes Or\u00e7ament\u00e1rias (<span id=\"4066\" class=\"termoGlossario\" title=\"\" contenteditable=\"false\" data-toggle=\"tooltip\" data-placement=\"top\" data-original-title=\"Lei que orienta a elabora\u00e7\u00e3o do or\u00e7amento do ano seguinte. Cont\u00e9m informa\u00e7\u00f5es sobre as metas e prioridades dos tr\u00eas poderes (Executivo, Legislativo e Judici\u00e1rio) e do Minist\u00e9rio P\u00fablico da Uni\u00e3o. Tamb\u00e9m define a meta fiscal para o ano seguinte. \u00c9 elaborada pelo Executivo e aprovada pelo Congresso Nacional.\">LDO<\/span>) de 2026 (<a class=\"linkProposicao\" href=\"https:\/\/www.camara.leg.br\/noticias\/1194585-salario-minimo-de-2026-sera-de-r-1-631-com-aumento-de-744\">PLN 2\/25<\/a>) para a pr\u00f3xima ter\u00e7a-feira (7). Segundo ele, ainda existem diverg\u00eancias entre os l\u00edderes de partidos sobre a vota\u00e7\u00e3o do relat\u00f3rio final e dos destaques ao texto.<\/p>\n<p>A LDO orienta a elabora\u00e7\u00e3o e a execu\u00e7\u00e3o da <span id=\"4123\" class=\"termoGlossario\" title=\"\" contenteditable=\"false\" data-toggle=\"tooltip\" data-placement=\"top\" data-original-title=\"Comumente denominada or\u00e7amento, \u00e9 a lei que cont\u00e9m a discrimina\u00e7\u00e3o da receita e da despesa p\u00fablica para o ano. \u00c9 elaborada pelo Executivo e votada pelo Congresso Nacional.\">LOA<\/span>.<\/p>\n<p>Fonte: Ag\u00eancia C\u00e2mara de Not\u00edcias<\/p>\n","protected":false},"excerpt":{"rendered":"<p>A maior parte do dinheiro vir\u00e1 de emendas parlamentares A Comiss\u00e3o Mista de Or\u00e7amento do Congresso Nacional elevou de R$ 1 bilh\u00e3o para R$ 4,9 bilh\u00f5es o valor reservado no<\/p>\n","protected":false},"author":34,"featured_media":89987,"comment_status":"closed","ping_status":"closed","sticky":false,"template":"","format":"standard","meta":[],"categories":[305,27],"tags":[],"_links":{"self":[{"href":"https:\/\/diariodamanhapelotas.com.br\/site\/wp-json\/wp\/v2\/posts\/147855"}],"collection":[{"href":"https:\/\/diariodamanhapelotas.com.br\/site\/wp-json\/wp\/v2\/posts"}],"about":[{"href":"https:\/\/diariodamanhapelotas.com.br\/site\/wp-json\/wp\/v2\/types\/post"}],"author":[{"embeddable":true,"href":"https:\/\/diariodamanhapelotas.com.br\/site\/wp-json\/wp\/v2\/users\/34"}],"replies":[{"embeddable":true,"href":"https:\/\/diariodamanhapelotas.com.br\/site\/wp-json\/wp\/v2\/comments?post=147855"}],"version-history":[{"count":1,"href":"https:\/\/diariodamanhapelotas.com.br\/site\/wp-json\/wp\/v2\/posts\/147855\/revisions"}],"predecessor-version":[{"id":147856,"href":"https:\/\/diariodamanhapelotas.com.br\/site\/wp-json\/wp\/v2\/posts\/147855\/revisions\/147856"}],"wp:featuredmedia":[{"embeddable":true,"href":"https:\/\/diariodamanhapelotas.com.br\/site\/wp-json\/wp\/v2\/media\/89987"}],"wp:attachment":[{"href":"https:\/\/diariodamanhapelotas.com.br\/site\/wp-json\/wp\/v2\/media?parent=147855"}],"wp:term":[{"taxonomy":"category","embeddable":true,"href":"https:\/\/diariodamanhapelotas.com.br\/site\/wp-json\/wp\/v2\/categories?post=147855"},{"taxonomy":"post_tag","embeddable":true,"href":"https:\/\/diariodamanhapelotas.com.br\/site\/wp-json\/wp\/v2\/tags?post=147855"}],"curies":[{"name":"wp","href":"https:\/\/api.w.org\/{rel}","templated":true}]}}