{"id":147862,"date":"2025-09-30T23:52:51","date_gmt":"2025-10-01T02:52:51","guid":{"rendered":"https:\/\/diariodamanhapelotas.com.br\/site\/?p=147862"},"modified":"2025-09-30T23:52:51","modified_gmt":"2025-10-01T02:52:51","slug":"mutirao-de-saude-no-dia-da-pessoa-idosa","status":"publish","type":"post","link":"https:\/\/diariodamanhapelotas.com.br\/site\/mutirao-de-saude-no-dia-da-pessoa-idosa\/","title":{"rendered":"Mutir\u00e3o de Sa\u00fade no Dia da Pessoa Idosa"},"content":{"rendered":"<h3 style=\"text-align: center;\"><em>Quarta-feira (1\u00ba), todas as Unidades B\u00e1sicas de Sa\u00fade (UBSs) de Pelotas t\u00eam programa\u00e7\u00e3o especial para os idosos. Clube Brilhante ser\u00e1 ponto de refer\u00eancia<\/em><\/h3>\n<p dir=\"auto\">A Prefeitura, em reconhecimento \u00e0s pessoas idosas, programou, por interm\u00e9dio da Secretaria Municipal de Sa\u00fade (SMS), jornada especial de trabalho nesta quarta-feira (1\u00ba), <strong>Dia Nacional e Internacional da Pessoa Idosa<\/strong>. Todas as Unidades B\u00e1sicas de Sa\u00fade (UBSs) do Munic\u00edpio, da col\u00f4nia e da cidade, estar\u00e3o integradas em mutir\u00e3o de servi\u00e7os voltados \u00e0queles que t\u00eam 60 anos ou mais. Pelotas conta com mais de 70 mil moradores dessa faixa et\u00e1ria.<\/p>\n<p dir=\"auto\">De acordo com a diretora da Aten\u00e7\u00e3o Prim\u00e1ria da SMS, C\u00e2ndida Silveira Rodrigues, o Clube Brilhante, na sede social \u00e0 rua Rafael Pinto Bandeira, das 10 \u00e0s 16h, ser\u00e1 ponto de refer\u00eancia, com a estrutura da Sa\u00fade montada para atendimento aos idosos da \u00e1rea que n\u00e3o conta com UBS pr\u00f3xima ou de quem optar pelo local.<\/p>\n","protected":false},"excerpt":{"rendered":"<p>Quarta-feira (1\u00ba), todas as Unidades B\u00e1sicas de Sa\u00fade (UBSs) de Pelotas t\u00eam programa\u00e7\u00e3o especial para os idosos. Clube Brilhante ser\u00e1 ponto de refer\u00eancia A Prefeitura, em reconhecimento \u00e0s pessoas idosas,<\/p>\n","protected":false},"author":34,"featured_media":117176,"comment_status":"closed","ping_status":"closed","sticky":false,"template":"","format":"standard","meta":[],"categories":[305,150],"tags":[],"_links":{"self":[{"href":"https:\/\/diariodamanhapelotas.com.br\/site\/wp-json\/wp\/v2\/posts\/147862"}],"collection":[{"href":"https:\/\/diariodamanhapelotas.com.br\/site\/wp-json\/wp\/v2\/posts"}],"about":[{"href":"https:\/\/diariodamanhapelotas.com.br\/site\/wp-json\/wp\/v2\/types\/post"}],"author":[{"embeddable":true,"href":"https:\/\/diariodamanhapelotas.com.br\/site\/wp-json\/wp\/v2\/users\/34"}],"replies":[{"embeddable":true,"href":"https:\/\/diariodamanhapelotas.com.br\/site\/wp-json\/wp\/v2\/comments?post=147862"}],"version-history":[{"count":1,"href":"https:\/\/diariodamanhapelotas.com.br\/site\/wp-json\/wp\/v2\/posts\/147862\/revisions"}],"predecessor-version":[{"id":147863,"href":"https:\/\/diariodamanhapelotas.com.br\/site\/wp-json\/wp\/v2\/posts\/147862\/revisions\/147863"}],"wp:featuredmedia":[{"embeddable":true,"href":"https:\/\/diariodamanhapelotas.com.br\/site\/wp-json\/wp\/v2\/media\/117176"}],"wp:attachment":[{"href":"https:\/\/diariodamanhapelotas.com.br\/site\/wp-json\/wp\/v2\/media?parent=147862"}],"wp:term":[{"taxonomy":"category","embeddable":true,"href":"https:\/\/diariodamanhapelotas.com.br\/site\/wp-json\/wp\/v2\/categories?post=147862"},{"taxonomy":"post_tag","embeddable":true,"href":"https:\/\/diariodamanhapelotas.com.br\/site\/wp-json\/wp\/v2\/tags?post=147862"}],"curies":[{"name":"wp","href":"https:\/\/api.w.org\/{rel}","templated":true}]}}