{"id":147864,"date":"2025-09-30T23:56:24","date_gmt":"2025-10-01T02:56:24","guid":{"rendered":"https:\/\/diariodamanhapelotas.com.br\/site\/?p=147864"},"modified":"2025-09-30T23:56:24","modified_gmt":"2025-10-01T02:56:24","slug":"pelotas-permanece-em-emergencia-em-saude-ate-fim-de-janeiro","status":"publish","type":"post","link":"https:\/\/diariodamanhapelotas.com.br\/site\/pelotas-permanece-em-emergencia-em-saude-ate-fim-de-janeiro\/","title":{"rendered":"Pelotas permanece em emerg\u00eancia em sa\u00fade at\u00e9 fim de janeiro"},"content":{"rendered":"<h3 style=\"text-align: center;\"><em>Decreto 7.085\/2025, publicado no Di\u00e1rio Oficial dos Munic\u00edpios, nesta ter\u00e7a-feira, j\u00e1 est\u00e1 valendo<\/em><\/h3>\n<p>Desde 30 de maio deste ano, Pelotas encontra-se em emerg\u00eancia em sa\u00fade p\u00fablica, para fins de enfrentamento da S\u00edndrome Respirat\u00f3ria Aguda Grave (SRAG) e outras doen\u00e7as respirat\u00f3rias. O primeiro Decreto \u2013 7.041\/2025 -, instituindo essa condi\u00e7\u00e3o no munic\u00edpio, teve validade de 120 dias. Diante do registro de aumento da procura por atendimento no per\u00edodo, de parte da popula\u00e7\u00e3o, o prefeito Fernando Marroni assinou novo documento \u2013 Decreto 7.085, de 29 de setembro de 2025 -, publicado no Di\u00e1rio Oficial dos Munic\u00edpios nesta ter\u00e7a-feira (30), prorrogando a situa\u00e7\u00e3o por mais 120 dias.<\/p>\n<p dir=\"auto\">Par\u00e1grafo \u00fanico do Art. 1\u00ba do novo Decreto justifica que a prorroga\u00e7\u00e3o da emerg\u00eancia decorre da manuten\u00e7\u00e3o de alerta de situa\u00e7\u00e3o de perigo iminente, devido ao aumento significativo de atendimentos relacionados a sintomas gripais e \u00e0 alta circula\u00e7\u00e3o de v\u00edrus respirat\u00f3rios que comprometem a promo\u00e7\u00e3o, prote\u00e7\u00e3o e recupera\u00e7\u00e3o da sa\u00fade da popula\u00e7\u00e3o.<\/p>\n<p dir=\"auto\">O Decreto esclarece que o risco epidemiol\u00f3gico \u00e9 reconhecido pelos altos \u00edndices de interna\u00e7\u00f5es por Covid e Influenza (SARGs) de maio a setembro, pelo crescimento significativo de interna\u00e7\u00f5es por s\u00edndromes gripais, pela sobrecarga da rede hospitalar e pelo potencial risco de extrapola\u00e7\u00e3o da capacidade de resposta, em especial em leitos de UTI, levando \u00e0 satura\u00e7\u00e3o do Sistema \u00danico de Sa\u00fade (SUS).<\/p>\n<p dir=\"auto\">Enquanto o Decreto estiver em vigor, fica determinado que as redes hospitalares que atendem pelo SUS dever\u00e3o adotar medidas administrativas urgentes e diferenciadas para priorizar e assegurar a disponibiliza\u00e7\u00e3o de leitos cl\u00ednicos de suporte ventilat\u00f3rio e de Unidade de Terapia Intensiva, para os casos de S\u00edndrome Respirat\u00f3ria Aguda Grave e outras doen\u00e7as respirat\u00f3rias.<\/p>\n<p dir=\"auto\">A Secretaria Municipal de Sa\u00fade (SMS) coordenar\u00e1 as iniciativas e servi\u00e7os voltados ao estado de emerg\u00eancia e adotar\u00e1 medidas indispens\u00e1veis \u00e0 conten\u00e7\u00e3o da SARG e outras doen\u00e7as respirat\u00f3rias. Se necess\u00e1rio, haver\u00e1 expedi\u00e7\u00e3o de atos complementares para garantir o atendimento na rede p\u00fablica de sa\u00fade.<\/p>\n","protected":false},"excerpt":{"rendered":"<p>Decreto 7.085\/2025, publicado no Di\u00e1rio Oficial dos Munic\u00edpios, nesta ter\u00e7a-feira, j\u00e1 est\u00e1 valendo Desde 30 de maio deste ano, Pelotas encontra-se em emerg\u00eancia em sa\u00fade p\u00fablica, para fins de enfrentamento<\/p>\n","protected":false},"author":34,"featured_media":147865,"comment_status":"closed","ping_status":"closed","sticky":false,"template":"","format":"standard","meta":[],"categories":[305,150],"tags":[],"_links":{"self":[{"href":"https:\/\/diariodamanhapelotas.com.br\/site\/wp-json\/wp\/v2\/posts\/147864"}],"collection":[{"href":"https:\/\/diariodamanhapelotas.com.br\/site\/wp-json\/wp\/v2\/posts"}],"about":[{"href":"https:\/\/diariodamanhapelotas.com.br\/site\/wp-json\/wp\/v2\/types\/post"}],"author":[{"embeddable":true,"href":"https:\/\/diariodamanhapelotas.com.br\/site\/wp-json\/wp\/v2\/users\/34"}],"replies":[{"embeddable":true,"href":"https:\/\/diariodamanhapelotas.com.br\/site\/wp-json\/wp\/v2\/comments?post=147864"}],"version-history":[{"count":1,"href":"https:\/\/diariodamanhapelotas.com.br\/site\/wp-json\/wp\/v2\/posts\/147864\/revisions"}],"predecessor-version":[{"id":147866,"href":"https:\/\/diariodamanhapelotas.com.br\/site\/wp-json\/wp\/v2\/posts\/147864\/revisions\/147866"}],"wp:featuredmedia":[{"embeddable":true,"href":"https:\/\/diariodamanhapelotas.com.br\/site\/wp-json\/wp\/v2\/media\/147865"}],"wp:attachment":[{"href":"https:\/\/diariodamanhapelotas.com.br\/site\/wp-json\/wp\/v2\/media?parent=147864"}],"wp:term":[{"taxonomy":"category","embeddable":true,"href":"https:\/\/diariodamanhapelotas.com.br\/site\/wp-json\/wp\/v2\/categories?post=147864"},{"taxonomy":"post_tag","embeddable":true,"href":"https:\/\/diariodamanhapelotas.com.br\/site\/wp-json\/wp\/v2\/tags?post=147864"}],"curies":[{"name":"wp","href":"https:\/\/api.w.org\/{rel}","templated":true}]}}