{"id":147867,"date":"2025-10-01T08:29:07","date_gmt":"2025-10-01T11:29:07","guid":{"rendered":"https:\/\/diariodamanhapelotas.com.br\/site\/?p=147867"},"modified":"2025-10-01T08:29:07","modified_gmt":"2025-10-01T11:29:07","slug":"eddy-teddy-o-som-a-vida-e-o-legado","status":"publish","type":"post","link":"https:\/\/diariodamanhapelotas.com.br\/site\/eddy-teddy-o-som-a-vida-e-o-legado\/","title":{"rendered":"Eddy Teddy \u2014 O som, a vida e o legado"},"content":{"rendered":"<h3 style=\"text-align: center;\"><em>A hist\u00f3ria do rock brasileiro merece esse cuidado, Eddy Teddy merece essa festa<\/em><\/h3>\n<p style=\"text-align: center;\"><em><strong>Marcelo Gonzales*<\/strong><\/em><\/p>\n<p style=\"text-align: center;\"><em><strong>@celogonzales @vidadevinil<\/strong><\/em><\/p>\n<p>Quando li algo a respeito do livro escrito por Luiz Teddy, filho de Eddy, n\u00e3o hesitei em entrar em contato para colher mais informa\u00e7\u00f5es. Minha leitura e pesquisa me mostraram que este livro n\u00e3o \u00e9 s\u00f3 uma biografia, \u00e9 um mapa afetivo de uma cena, um tesouro de arquivos e um convite para entender como o rockabilly enraizou-se no cora\u00e7\u00e3o de S\u00e3o Paulo. Enveredei como pesquisador, colecionador e curioso, e saio deste mergulho com a sensa\u00e7\u00e3o de que estamos diante de um essencial resgate cultural.<\/p>\n<p>Eddy Teddy (Eduardo Alberto da Silva Moreira, 1950\u20131997) foi daqueles personagens que a hist\u00f3ria oficial costuma esquecer, mas que o movimento preserva com devo\u00e7\u00e3o: fundador de bandas como Coke Luxe e Rockterapia, idealizador do Clube do Rockabilly e presen\u00e7a constante nos encontros de colecionadores e programas de r\u00e1dio que mantiveram a chama do rock &amp; roll viva em tempos de acesso restrito \u00e0 informa\u00e7\u00e3o. Sua trajet\u00f3ria atravessa os palcos e a vida cotidiana, conciliando carreira corporativa, fam\u00edlia e um amor absoluto pela m\u00fasica. Essas facetas s\u00e3o detalhadas no livro que Luiz organizou com di\u00e1rios, registros e arquivos da fam\u00edlia.<\/p>\n<p>Busquei nos arquivos dispon\u00edveis, Discogs, registros de fanzines, p\u00e1ginas do pr\u00f3prio projeto do livro e redes sociais dos envolvidos, e encontrei ecos da atua\u00e7\u00e3o de Eddy em discos, compactos e no circuito paulistano dos anos 80 e 90. O compacto N\u00e3o beba, papai, n\u00e3o beba (1983) e o LP Rockabilly Bop (1984) da Coke Luxe aparecem como marcos discogr\u00e1ficos que ajudam a tra\u00e7ar o pulso do movimento no Brasil. Encontrar essas pe\u00e7as \u00e9 entender tamb\u00e9m como se formou uma rede de apaixonados que trocava discos, fitas e confid\u00eancias em encontros que hoje o livro recupera com carinho.<\/p>\n<p>O lan\u00e7amento do livro \u00e9, portanto, uma festa com sentido de celebra\u00e7\u00e3o e reconstitui\u00e7\u00e3o de mem\u00f3ria. A data est\u00e1 marcada para domingo, 5 de outubro de 2025, a partir das 15h, no Rockwheels (R. Rui Barbosa, 168 \u2013 Bela Vista, S\u00e3o Paulo \u2013 SP), que abre suas portas para DJs tem\u00e1ticos, venda e sess\u00e3o de aut\u00f3grafos, tributos e o reencontro da forma\u00e7\u00e3o original do The Krents, com Marcos Piu Piu e Luiz Teddy no palco, prometendo fechar a noite com um set que liga passado e presente. Se voc\u00ea ama vinil, noites de rock e a sensa\u00e7\u00e3o \u00fanica de participar de um reencontro hist\u00f3rico, este \u00e9 um evento para anotar.<\/p>\n<p>Para quem quis garantir o livro antes, e apoiou o projeto, houve uma campanha\/pr\u00e9-venda registrada em plataforma de financiamento, com edi\u00e7\u00f5es impressas e op\u00e7\u00f5es de envio, um caminho que levou o registro para casa e, ao mesmo tempo, deu apoio a preserva\u00e7\u00e3o desta mem\u00f3ria musical. No dia 5, Luiz estar\u00e1 vendendo e autografando exemplares, uma oportunidade singela e preciosa para quem coleciona hist\u00f3rias e objetos.<\/p>\n<p>Convido voc\u00ea, leitor, colecionador, curioso, a vir celebrar conosco. Leve um amigo que ache que rockabilly \u00e9 apenas um r\u00f3tulo, este encontro mostra que \u00e9 muito mais, \u00e9 fam\u00edlia, \u00e9 document\u00e1rio em vida, \u00e9 reencontro de gera\u00e7\u00f5es. Eu estarei l\u00e1, de olho nos detalhes, anotando para os arquivos e, claro, comprando um exemplar para a minha cole\u00e7\u00e3o. A hist\u00f3ria do rock brasileiro merece esse cuidado, Eddy Teddy merece essa festa.<\/p>\n<p style=\"text-align: right;\"><em>*Marcelo Gonzales \u00e9 autor do blog Que Dia \u00e9 Hoje?, vive entre discos de vinil e muita m\u00eddia f\u00edsica, sempre atento \u00e0 m\u00fasica, \u00e0 cultura e ao jornalismo, compartilhando hist\u00f3rias que conectam gera\u00e7\u00f5es.<\/em><\/p>\n","protected":false},"excerpt":{"rendered":"<p>A hist\u00f3ria do rock brasileiro merece esse cuidado, Eddy Teddy merece essa festa Marcelo Gonzales* @celogonzales @vidadevinil Quando li algo a respeito do livro escrito por Luiz Teddy, filho de<\/p>\n","protected":false},"author":3,"featured_media":147868,"comment_status":"closed","ping_status":"closed","sticky":false,"template":"","format":"standard","meta":[],"categories":[305,32],"tags":[],"_links":{"self":[{"href":"https:\/\/diariodamanhapelotas.com.br\/site\/wp-json\/wp\/v2\/posts\/147867"}],"collection":[{"href":"https:\/\/diariodamanhapelotas.com.br\/site\/wp-json\/wp\/v2\/posts"}],"about":[{"href":"https:\/\/diariodamanhapelotas.com.br\/site\/wp-json\/wp\/v2\/types\/post"}],"author":[{"embeddable":true,"href":"https:\/\/diariodamanhapelotas.com.br\/site\/wp-json\/wp\/v2\/users\/3"}],"replies":[{"embeddable":true,"href":"https:\/\/diariodamanhapelotas.com.br\/site\/wp-json\/wp\/v2\/comments?post=147867"}],"version-history":[{"count":1,"href":"https:\/\/diariodamanhapelotas.com.br\/site\/wp-json\/wp\/v2\/posts\/147867\/revisions"}],"predecessor-version":[{"id":147869,"href":"https:\/\/diariodamanhapelotas.com.br\/site\/wp-json\/wp\/v2\/posts\/147867\/revisions\/147869"}],"wp:featuredmedia":[{"embeddable":true,"href":"https:\/\/diariodamanhapelotas.com.br\/site\/wp-json\/wp\/v2\/media\/147868"}],"wp:attachment":[{"href":"https:\/\/diariodamanhapelotas.com.br\/site\/wp-json\/wp\/v2\/media?parent=147867"}],"wp:term":[{"taxonomy":"category","embeddable":true,"href":"https:\/\/diariodamanhapelotas.com.br\/site\/wp-json\/wp\/v2\/categories?post=147867"},{"taxonomy":"post_tag","embeddable":true,"href":"https:\/\/diariodamanhapelotas.com.br\/site\/wp-json\/wp\/v2\/tags?post=147867"}],"curies":[{"name":"wp","href":"https:\/\/api.w.org\/{rel}","templated":true}]}}