{"id":147870,"date":"2025-10-01T08:35:20","date_gmt":"2025-10-01T11:35:20","guid":{"rendered":"https:\/\/diariodamanhapelotas.com.br\/site\/?p=147870"},"modified":"2025-10-01T08:35:20","modified_gmt":"2025-10-01T11:35:20","slug":"novo-horario-de-onibus-corujao-em-linhas-de-pelotas","status":"publish","type":"post","link":"https:\/\/diariodamanhapelotas.com.br\/site\/novo-horario-de-onibus-corujao-em-linhas-de-pelotas\/","title":{"rendered":"Novo hor\u00e1rio de \u00f4nibus coruj\u00e3o em linhas de Pelotas"},"content":{"rendered":"<h3 style=\"text-align: center;\"><em>A partir desta quarta-feira (1\u00ba), coruj\u00f5es via Ildefonso Sim\u00f5es Lopes e Fernando Os\u00f3rio t\u00eam sa\u00edda do Centro \u00e0 0h05min<\/em><\/h3>\n<p><span style=\"font-style: inherit; font-weight: inherit;\"><span style=\"font-size: medium;\">A partir desta quarta-feira (1\u00ba), o transporte coletivo coruj\u00e3o, via avenidas Ildefonso Sim\u00f5es Lopes e Fernando Os\u00f3rio, conta com amplia\u00e7\u00e3o de hor\u00e1rio. Os carros partir\u00e3o do Centro \u00e0 0h05min. De acordo com a Secretaria de Transporte e Tr\u00e2nsito (STT) da Prefeitura, a medida visa atender solicita\u00e7\u00f5es de usu\u00e1rios.<\/span><\/span><\/p>\n<p><span style=\"font-style: inherit; font-weight: inherit;\"><span style=\"font-size: medium;\">A STT informa que a amplia\u00e7\u00e3o de hor\u00e1rio dos coruj\u00f5es \u00e9 v\u00e1lida por 30 dias. Trata-se de um per\u00edodo de teste, para an\u00e1lise da demanda. Caso n\u00e3o haja procura pelo transporte coletivo nesse hor\u00e1rio, ele ser\u00e1 desativado e, havendo utiliza\u00e7\u00e3o, a medida poder\u00e1 ser estendida para outros locais.<\/span><\/span><\/p>\n","protected":false},"excerpt":{"rendered":"<p>A partir desta quarta-feira (1\u00ba), coruj\u00f5es via Ildefonso Sim\u00f5es Lopes e Fernando Os\u00f3rio t\u00eam sa\u00edda do Centro \u00e0 0h05min A partir desta quarta-feira (1\u00ba), o transporte coletivo coruj\u00e3o, via avenidas<\/p>\n","protected":false},"author":3,"featured_media":147871,"comment_status":"closed","ping_status":"closed","sticky":false,"template":"","format":"standard","meta":[],"categories":[305,149],"tags":[],"_links":{"self":[{"href":"https:\/\/diariodamanhapelotas.com.br\/site\/wp-json\/wp\/v2\/posts\/147870"}],"collection":[{"href":"https:\/\/diariodamanhapelotas.com.br\/site\/wp-json\/wp\/v2\/posts"}],"about":[{"href":"https:\/\/diariodamanhapelotas.com.br\/site\/wp-json\/wp\/v2\/types\/post"}],"author":[{"embeddable":true,"href":"https:\/\/diariodamanhapelotas.com.br\/site\/wp-json\/wp\/v2\/users\/3"}],"replies":[{"embeddable":true,"href":"https:\/\/diariodamanhapelotas.com.br\/site\/wp-json\/wp\/v2\/comments?post=147870"}],"version-history":[{"count":1,"href":"https:\/\/diariodamanhapelotas.com.br\/site\/wp-json\/wp\/v2\/posts\/147870\/revisions"}],"predecessor-version":[{"id":147872,"href":"https:\/\/diariodamanhapelotas.com.br\/site\/wp-json\/wp\/v2\/posts\/147870\/revisions\/147872"}],"wp:featuredmedia":[{"embeddable":true,"href":"https:\/\/diariodamanhapelotas.com.br\/site\/wp-json\/wp\/v2\/media\/147871"}],"wp:attachment":[{"href":"https:\/\/diariodamanhapelotas.com.br\/site\/wp-json\/wp\/v2\/media?parent=147870"}],"wp:term":[{"taxonomy":"category","embeddable":true,"href":"https:\/\/diariodamanhapelotas.com.br\/site\/wp-json\/wp\/v2\/categories?post=147870"},{"taxonomy":"post_tag","embeddable":true,"href":"https:\/\/diariodamanhapelotas.com.br\/site\/wp-json\/wp\/v2\/tags?post=147870"}],"curies":[{"name":"wp","href":"https:\/\/api.w.org\/{rel}","templated":true}]}}