{"id":147876,"date":"2025-10-01T14:38:41","date_gmt":"2025-10-01T17:38:41","guid":{"rendered":"https:\/\/diariodamanhapelotas.com.br\/site\/?p=147876"},"modified":"2025-10-01T14:38:41","modified_gmt":"2025-10-01T17:38:41","slug":"surto-de-meningite-faz-sms-emitir-alerta-em-pelotas","status":"publish","type":"post","link":"https:\/\/diariodamanhapelotas.com.br\/site\/surto-de-meningite-faz-sms-emitir-alerta-em-pelotas\/","title":{"rendered":"Surto de meningite faz SMS emitir alerta em Pelotas"},"content":{"rendered":"<h3 style=\"text-align: center;\"><em>Pelotenses devem ficar atentos aos sinais e sintomas. J\u00e1 est\u00e1 confirmado surto em Pelotas, com tr\u00eas casos. Vacina est\u00e1 dispon\u00edvel em todas UBSs<\/em><\/h3>\n<p><span style=\"font-style: inherit; font-weight: inherit;\"><span style=\"font-size: medium;\">A Diretoria de Vigil\u00e2ncia em Sa\u00fade da Secretaria Municipal de Sa\u00fade (SMS) informa que foi identificado um surto de meningite meningoc\u00f3cica, sorogrupo Y, em Pelotas.<\/span><\/span><\/p>\n<p>Trata-se de uma doen\u00e7a grave, de r\u00e1pida evolu\u00e7\u00e3o, que pode levar \u00e0 morte se n\u00e3o for tratada precocemente, sendo fundamental orientar a popula\u00e7\u00e3o sobre os sinais e sintomas, al\u00e9m de refor\u00e7ar os cuidados preventivos e a import\u00e2ncia da vacina\u00e7\u00e3o.<\/p>\n<p>A doen\u00e7a \u00e9 uma infec\u00e7\u00e3o bacteriana que atinge as membranas que envolvem o c\u00e9rebro e a medula espinhal, causada pela bact\u00e9ria Neisseria meningitidis (meningococo), que pode se apresentar em v\u00e1rios sorogrupos \u2013 sendo os principais o A, B, C, W e Y.<\/p>\n<p><span style=\"font-style: inherit; font-weight: inherit;\"><span style=\"font-size: medium;\">A transmiss\u00e3o ocorre por meio de got\u00edculas de saliva, espirros, tosse e contato pr\u00f3ximo com pessoas infectadas.<\/span><\/span><\/p>\n<h4 style=\"text-align: center;\"><span style=\"font-style: inherit; font-weight: inherit;\"><span style=\"font-size: medium;\"><strong>Sinais e sintomas<\/strong><\/span><\/span><\/h4>\n<ul>\n<li><span style=\"font-style: inherit; font-weight: inherit;\"><span style=\"font-size: medium;\">Febre alta de in\u00edcio s\u00fabito<\/span><\/span><\/li>\n<li><span style=\"font-style: inherit; font-weight: inherit;\"><span style=\"font-size: medium;\">Dor de cabe\u00e7a intensa<\/span><\/span><\/li>\n<li><span style=\"font-style: inherit; font-weight: inherit;\"><span style=\"font-size: medium;\">N\u00e1useas e v\u00f4mitos<\/span><\/span><\/li>\n<li><span style=\"font-style: inherit; font-weight: inherit;\"><span style=\"font-size: medium;\">Rigidez na nuca (pesco\u00e7o duro)<\/span><\/span><\/li>\n<li><span style=\"font-style: inherit; font-weight: inherit;\"><span style=\"font-size: medium;\">Sensibilidade \u00e0 luz<\/span><\/span><\/li>\n<li><span style=\"font-style: inherit; font-weight: inherit;\"><span style=\"font-size: medium;\">Sonol\u00eancia ou confus\u00e3o mental<\/span><\/span><\/li>\n<\/ul>\n<p><span style=\"font-style: inherit; font-weight: inherit;\"><span style=\"font-size: medium;\"><strong>.\u00a0<\/strong>Manchas vermelhas ou arroxeadas na pele que n\u00e3o desaparecem ao pressionar<br \/>\n\u2022 Convuls\u00f5es<\/span><\/span><\/p>\n<p><span style=\"font-style: inherit; font-weight: inherit;\"><span style=\"font-size: medium;\">Em crian\u00e7as pequenas, os sinais podem incluir<br \/>\n\u2022 Irritabilidade ou choro persistente<\/span><\/span><\/p>\n<ul>\n<li><span style=\"font-style: inherit; font-weight: inherit;\"><span style=\"font-size: medium;\">Moleira abaulada<\/span><\/span><\/li>\n<li><span style=\"font-style: inherit; font-weight: inherit;\"><span style=\"font-size: medium;\">Recusa alimentar<\/span><\/span><\/li>\n<li><span style=\"font-style: inherit; font-weight: inherit;\"><span style=\"font-size: medium;\">Sonol\u00eancia excessiva<\/span><\/span><\/li>\n<\/ul>\n<h4 style=\"text-align: center;\"><span style=\"font-style: inherit; font-weight: inherit;\"><span style=\"font-size: medium;\"><strong>Medidas de preven\u00e7\u00e3o e controle<\/strong><\/span><\/span><\/h4>\n<p><span style=\"font-style: inherit; font-weight: inherit;\"><span style=\"font-size: medium;\">A vacina meningoc\u00f3cica conjugada ACWY \u00e9 a principal forma de preven\u00e7\u00e3o. Atualmente, est\u00e1 dispon\u00edvel no SUS para crian\u00e7as aos 12 meses de idade (refor\u00e7o) e adolescentes entre 11 e 14 anos (refor\u00e7o). A vacina est\u00e1 dispon\u00edvel em todas UBSs, na Casa da Vacina e ambulat\u00f3rios UCPel e UFPel.<\/span><\/span><\/p>\n<p><strong><span style=\"font-style: inherit;\"><span style=\"font-style: inherit;\">Outras medidas de preven\u00e7\u00e3o e controle<\/span><\/span><\/strong><\/p>\n<ul>\n<li><span style=\"font-style: inherit; font-weight: inherit;\"><span style=\"font-size: medium;\">Evitar contato pr\u00f3ximo com pessoas com sintomas respirat\u00f3rios<\/span><\/span><\/li>\n<li><span style=\"font-style: inherit; font-weight: inherit;\"><span style=\"font-size: medium;\">Manter os ambientes bem ventilados (janelas abertas, evitar aglomera\u00e7\u00f5es, especialmente em locais fechados)<\/span><\/span><\/li>\n<li><span style=\"font-style: inherit; font-weight: inherit;\"><span style=\"font-size: medium;\">Higienizar as m\u00e3os com frequ\u00eancia (utilizando \u00e1gua e sab\u00e3o)<\/span><\/span><\/li>\n<li><span style=\"font-style: inherit; font-weight: inherit;\"><span style=\"font-size: medium;\">Evitar compartilhar objetos pessoais, como copos, talheres, escovas e toalhas\n<p>A equipe t\u00e9cnica da Vigil\u00e2ncia Epidemiol\u00f3gica est\u00e1 monitorando os contatos pr\u00f3ximos dos casos confirmados e essas pessoas j\u00e1 foram orientadas e atendidas conforme determina\u00e7\u00e3o dos protocolos do Minist\u00e9rio da Sa\u00fade.<\/span><\/span><\/li>\n<\/ul>\n","protected":false},"excerpt":{"rendered":"<p>Pelotenses devem ficar atentos aos sinais e sintomas. J\u00e1 est\u00e1 confirmado surto em Pelotas, com tr\u00eas casos. Vacina est\u00e1 dispon\u00edvel em todas UBSs A Diretoria de Vigil\u00e2ncia em Sa\u00fade da<\/p>\n","protected":false},"author":3,"featured_media":147878,"comment_status":"closed","ping_status":"closed","sticky":false,"template":"","format":"standard","meta":[],"categories":[305,150],"tags":[],"_links":{"self":[{"href":"https:\/\/diariodamanhapelotas.com.br\/site\/wp-json\/wp\/v2\/posts\/147876"}],"collection":[{"href":"https:\/\/diariodamanhapelotas.com.br\/site\/wp-json\/wp\/v2\/posts"}],"about":[{"href":"https:\/\/diariodamanhapelotas.com.br\/site\/wp-json\/wp\/v2\/types\/post"}],"author":[{"embeddable":true,"href":"https:\/\/diariodamanhapelotas.com.br\/site\/wp-json\/wp\/v2\/users\/3"}],"replies":[{"embeddable":true,"href":"https:\/\/diariodamanhapelotas.com.br\/site\/wp-json\/wp\/v2\/comments?post=147876"}],"version-history":[{"count":1,"href":"https:\/\/diariodamanhapelotas.com.br\/site\/wp-json\/wp\/v2\/posts\/147876\/revisions"}],"predecessor-version":[{"id":147879,"href":"https:\/\/diariodamanhapelotas.com.br\/site\/wp-json\/wp\/v2\/posts\/147876\/revisions\/147879"}],"wp:featuredmedia":[{"embeddable":true,"href":"https:\/\/diariodamanhapelotas.com.br\/site\/wp-json\/wp\/v2\/media\/147878"}],"wp:attachment":[{"href":"https:\/\/diariodamanhapelotas.com.br\/site\/wp-json\/wp\/v2\/media?parent=147876"}],"wp:term":[{"taxonomy":"category","embeddable":true,"href":"https:\/\/diariodamanhapelotas.com.br\/site\/wp-json\/wp\/v2\/categories?post=147876"},{"taxonomy":"post_tag","embeddable":true,"href":"https:\/\/diariodamanhapelotas.com.br\/site\/wp-json\/wp\/v2\/tags?post=147876"}],"curies":[{"name":"wp","href":"https:\/\/api.w.org\/{rel}","templated":true}]}}