{"id":147886,"date":"2025-10-02T00:06:40","date_gmt":"2025-10-02T03:06:40","guid":{"rendered":"https:\/\/diariodamanhapelotas.com.br\/site\/?p=147886"},"modified":"2025-10-02T00:09:57","modified_gmt":"2025-10-02T03:09:57","slug":"brasil-confirmado-na-serie-d-2026","status":"publish","type":"post","link":"https:\/\/diariodamanhapelotas.com.br\/site\/brasil-confirmado-na-serie-d-2026\/","title":{"rendered":"Brasil confirmado na S\u00e9rie D 2026"},"content":{"rendered":"<h3 style=\"text-align: center;\" data-start=\"260\" data-end=\"353\"><em>A reformula\u00e7\u00e3o anunciada pela CBF garante a vaga do Xavante<\/em><\/h3>\n<p data-start=\"355\" data-end=\"690\">Com a mudan\u00e7a no calend\u00e1rio do futebol brasileiro, divulgada nesta quarta-feira (1\u00ba) pela Confedera\u00e7\u00e3o Brasileira de Futebol (CBF), a \u00faltima divis\u00e3o nacional passar\u00e1 de 64 para 96 equipes. Dessas, 15 ser\u00e3o selecionadas com base no Ranking Nacional de Clubes (RNC). Atual 68\u00ba colocado no ranking, o Brasil tem garantida uma das vagas.<\/p>\n<div id=\"attachment_147888\" style=\"width: 333px\" class=\"wp-caption alignright\"><img aria-describedby=\"caption-attachment-147888\" loading=\"lazy\" class=\"wp-image-147888 \" src=\"https:\/\/diariodamanhapelotas.com.br\/site\/wp-content\/uploads\/2025\/10\/design-sem-nome-7-260x300.jpg\" alt=\"\" width=\"323\" height=\"373\" srcset=\"https:\/\/diariodamanhapelotas.com.br\/site\/wp-content\/uploads\/2025\/10\/design-sem-nome-7-260x300.jpg 260w, https:\/\/diariodamanhapelotas.com.br\/site\/wp-content\/uploads\/2025\/10\/design-sem-nome-7-130x150.jpg 130w, https:\/\/diariodamanhapelotas.com.br\/site\/wp-content\/uploads\/2025\/10\/design-sem-nome-7.jpg 520w\" sizes=\"(max-width: 323px) 100vw, 323px\" \/><p id=\"caption-attachment-147888\" class=\"wp-caption-text\">Post do Brasil nas redes sociais<\/p><\/div>\n<p data-start=\"692\" data-end=\"796\">Nas redes sociais, o perfil oficial do clube destacou os 18 anos consecutivos com calend\u00e1rio nacional.<\/p>\n<blockquote>\n<p data-start=\"798\" data-end=\"1064\">&#8220;Essa conquista \u00e9 fruto de anos de trabalho, inclusive no per\u00edodo em que o rubro-negro disputou divis\u00f5es nacionais, e tamb\u00e9m do apoio incondicional da Maior e Mais Fiel, que esteve ao lado do clube em todos os momentos.&#8221; \u2014 disse um post do clube nas redes sociais.<\/p>\n<\/blockquote>\n<p data-start=\"161\" data-end=\"533\">Com o novo regulamento, as vagas da S\u00e9rie D ser\u00e3o definidas em quatro frentes: os quatro clubes rebaixados da S\u00e9rie C de 2025; 64 representantes indicados pelas federa\u00e7\u00f5es estaduais, de acordo com o Ranking Nacional de Federa\u00e7\u00f5es; 28 equipes que chegarem \u00e0 segunda fase da S\u00e9rie D de 2025 sem conquistar o acesso; e 15 lugares reservados pelo Ranking Nacional de Clubes.<\/p>\n<p data-start=\"566\" data-end=\"915\">A competi\u00e7\u00e3o tamb\u00e9m passar\u00e1 por mudan\u00e7as relevantes em sua estrutura. A fase inicial ser\u00e1 composta por 16 grupos com seis times cada, que se enfrentam em confrontos de ida e volta, somando dez partidas por equipe. Os quatro primeiros colocados de cada grupo avan\u00e7am para os mata-matas, disputados em jogos eliminat\u00f3rios de ida e volta at\u00e9 a final.<\/p>\n<p data-start=\"917\" data-end=\"1044\">A partir de 2026, todos os clubes que alcan\u00e7arem a fase seguinte garantem presen\u00e7a autom\u00e1tica na edi\u00e7\u00e3o posterior da S\u00e9rie D.<\/p>\n<p data-start=\"917\" data-end=\"1044\">Foto: Volmer Perez<\/p>\n","protected":false},"excerpt":{"rendered":"<p>A reformula\u00e7\u00e3o anunciada pela CBF garante a vaga do Xavante Com a mudan\u00e7a no calend\u00e1rio do futebol brasileiro, divulgada nesta quarta-feira (1\u00ba) pela Confedera\u00e7\u00e3o Brasileira de Futebol (CBF), a \u00faltima<\/p>\n","protected":false},"author":34,"featured_media":116907,"comment_status":"closed","ping_status":"closed","sticky":false,"template":"","format":"standard","meta":[],"categories":[868,305,29,865],"tags":[],"_links":{"self":[{"href":"https:\/\/diariodamanhapelotas.com.br\/site\/wp-json\/wp\/v2\/posts\/147886"}],"collection":[{"href":"https:\/\/diariodamanhapelotas.com.br\/site\/wp-json\/wp\/v2\/posts"}],"about":[{"href":"https:\/\/diariodamanhapelotas.com.br\/site\/wp-json\/wp\/v2\/types\/post"}],"author":[{"embeddable":true,"href":"https:\/\/diariodamanhapelotas.com.br\/site\/wp-json\/wp\/v2\/users\/34"}],"replies":[{"embeddable":true,"href":"https:\/\/diariodamanhapelotas.com.br\/site\/wp-json\/wp\/v2\/comments?post=147886"}],"version-history":[{"count":4,"href":"https:\/\/diariodamanhapelotas.com.br\/site\/wp-json\/wp\/v2\/posts\/147886\/revisions"}],"predecessor-version":[{"id":147892,"href":"https:\/\/diariodamanhapelotas.com.br\/site\/wp-json\/wp\/v2\/posts\/147886\/revisions\/147892"}],"wp:featuredmedia":[{"embeddable":true,"href":"https:\/\/diariodamanhapelotas.com.br\/site\/wp-json\/wp\/v2\/media\/116907"}],"wp:attachment":[{"href":"https:\/\/diariodamanhapelotas.com.br\/site\/wp-json\/wp\/v2\/media?parent=147886"}],"wp:term":[{"taxonomy":"category","embeddable":true,"href":"https:\/\/diariodamanhapelotas.com.br\/site\/wp-json\/wp\/v2\/categories?post=147886"},{"taxonomy":"post_tag","embeddable":true,"href":"https:\/\/diariodamanhapelotas.com.br\/site\/wp-json\/wp\/v2\/tags?post=147886"}],"curies":[{"name":"wp","href":"https:\/\/api.w.org\/{rel}","templated":true}]}}