{"id":147918,"date":"2025-10-02T11:21:59","date_gmt":"2025-10-02T14:21:59","guid":{"rendered":"https:\/\/diariodamanhapelotas.com.br\/site\/?p=147918"},"modified":"2025-10-02T11:21:59","modified_gmt":"2025-10-02T14:21:59","slug":"som-do-rs-em-parceria-com-sofa-na-rua-trazem-circuito-cultural-e-movimentam-a-rua-de-pelotas","status":"publish","type":"post","link":"https:\/\/diariodamanhapelotas.com.br\/site\/som-do-rs-em-parceria-com-sofa-na-rua-trazem-circuito-cultural-e-movimentam-a-rua-de-pelotas\/","title":{"rendered":"Som do RS em parceria com Sof\u00e1 na Rua trazem circuito cultural e movimentam a rua de Pelotas"},"content":{"rendered":"<h3 style=\"text-align: center;\"><i>O coletivo anuncia as datas dos eventos, que t\u00eam shows confirmados em Pelotas, Santa Maria e Porto Alegre em seu percurso<\/i><\/h3>\n<p>Em outubro, a rua de Pelotas ser\u00e1 palco para uma das apresenta\u00e7\u00f5es do Som do RS. Com bandas selecionadas pela curadoria, elas ir\u00e3o se apresentar em tr\u00eas munic\u00edpios do Rio Grande do Sul a partir de outubro. Em Pelotas, a parceria n\u00e3o poderia ser outra: O Sof\u00e1 na Rua, est\u00e1 junto nesta produ\u00e7\u00e3o, que contar\u00e1 com shows, economia criativa, performances, DJs, proje\u00e7\u00f5es de v\u00eddeos, exposi\u00e7\u00f5es e gastronomia, em eventos abrangentes e inclusivos.<\/p>\n<p><img loading=\"lazy\" class=\"alignright wp-image-147919\" src=\"https:\/\/diariodamanhapelotas.com.br\/site\/wp-content\/uploads\/2025\/10\/whatsapp-image-2025-09-25-at-145853.jpeg\" alt=\"\" width=\"401\" height=\"502\" srcset=\"https:\/\/diariodamanhapelotas.com.br\/site\/wp-content\/uploads\/2025\/10\/whatsapp-image-2025-09-25-at-145853.jpeg 479w, https:\/\/diariodamanhapelotas.com.br\/site\/wp-content\/uploads\/2025\/10\/whatsapp-image-2025-09-25-at-145853-240x300.jpeg 240w, https:\/\/diariodamanhapelotas.com.br\/site\/wp-content\/uploads\/2025\/10\/whatsapp-image-2025-09-25-at-145853-120x150.jpeg 120w\" sizes=\"(max-width: 401px) 100vw, 401px\" \/><\/p>\n<p>Totalizando nove atra\u00e7\u00f5es, at\u00e9 o final do projeto, na etapa <b>Pelotas<\/b>, marcada para dia 5 de outubro, se apresentam Ziladxg e A Virgo, de Novo Hamburgo; Leu Kalunga e Freak Brothers, de Pelotas; e Sotaques de Fronteira, de Santana do Livramento.<\/p>\n<p>O <b>Som do RS<\/b> \u00e9 um programa de valoriza\u00e7\u00e3o da m\u00fasica e das bandas do sul do pa\u00eds. A nova etapa inclui ensaios, a produ\u00e7\u00e3o dos shows nessas tr\u00eas cidades, atividades formativas e trocas entre os participantes. O projeto come\u00e7ou mapeando e cadastrando bandas nas nove regi\u00f5es do RS. Cada grupo\/banda inscrito teve acesso a seis mentorias ministradas ao vivo pelo streaming com mestres e mestras da MPB, gente que est\u00e1 inserida no mercado da m\u00fasica e que entende muito do assunto: Pena Schmidt, Dani Ribas, Fernanda Couto, Edson Natale, Dr\u00edade Aguiar e Cristina Baum. Para al\u00e9m das mentorias, o projeto proporcionou um percurso de trocas, que pretende ampliar a vis\u00e3o e conhecimentos. Os encontros aconteceram de forma virtual e abordaram a produ\u00e7\u00e3o de um evento, utilizando como case o Sof\u00e1 na Rua de Pelotas; o Morrostock e suas a\u00e7\u00f5es sustent\u00e1veis, curadoria e comunica\u00e7\u00e3o e, por fim o Pavilh\u00e3o Ecossustent\u00e1vel das Mulheres do Hip Hop na Restinga e sua trajet\u00f3ria at\u00e9 se transformar em um espa\u00e7o cultural de refer\u00eancia.<span class=\"Apple-converted-space\">\u00a0<\/span><\/p>\n<h4 style=\"text-align: center;\"><b>Conhe\u00e7a o Sof\u00e1 no Rua<\/b><\/h4>\n<p>O Sof\u00e1 na Rua \u00e9 um movimento cultural que nasceu em Pelotas em 2012, hoje formalizado enquanto Associa\u00e7\u00e3o sem fins lucrativos. Em suas edi\u00e7\u00f5es utiliza os espa\u00e7o p\u00fablico para promover encontros art\u00edstico culturais de debate sobre o direito \u00e0 cidade gratuitamente, completando mais de 100 edi\u00e7\u00f5es executadas somente na cidade de Pelotas.<\/p>\n<p>Sempre se apresentando no formato de evento de rua, carrega em seu conceito a difus\u00e3o de diversas manifesta\u00e7\u00f5es culturais, assim como, a ocupa\u00e7\u00e3o do espa\u00e7o p\u00fablico pela arte e cultura como pr\u00e1tica pedag\u00f3gica de resist\u00eancia. \u00c9 um movimento articulado em rede, tendo a forma\u00e7\u00e3o de novas equipes atrav\u00e9s da processos imersivos e formativos junto a fazedores de cultura dos territ\u00f3rios que encampam a iniciativa.<\/p>\n<p>Os coletivos que integram o movimento Sof\u00e1 na Rua, possuem gest\u00e3o horizontal e democr\u00e1tica e tem por objetivo interferir no espa\u00e7o p\u00fablico com narrativas urgentes de apoio \u00e0 pluralidade de ideias, e \u00e0 diversidade po\u00e9tica e est\u00e9tica atrav\u00e9s de espet\u00e1culos das mais diversas linguagens art\u00edsticas, sempre a c\u00e9u aberto, sendo o \u201ccarro chefe\u201d, a linguagem da m\u00fasica, fomentando a forma\u00e7\u00e3o de p\u00fablico e democratizando o acesso \u00e0 arte.<span class=\"Apple-converted-space\">\u00a0<\/span><\/p>\n<p>Dessa forma, durante as edi\u00e7\u00f5es na cidade de Pelotas, sua sede matriz, j\u00e1 recebeu em seu palco mais 350 bandas e artistas e tem m\u00e9dia de 3 a 5 mil pessoas circulando por evento. Al\u00e9m desta etapa de shows e trocas, est\u00e3o previstas novas mentorias, agora presenciais, grava\u00e7\u00f5es e imers\u00e3o em S\u00e3o Paulo para o in\u00edcio de 2026. O projeto Som do RS \u00e9 financiado com recursos da Pol\u00edtica Nacional Aldir Blanc, repassados pela Uni\u00e3o ao Estado do Rio Grande do Sul.\u00a0<span class=\"Apple-converted-space\">\u00a0<\/span><\/p>\n<h4 style=\"text-align: center;\"><b>Servi\u00e7o:<\/b><\/h4>\n<p><b>Som do RS etapa Pelotas &#8211; Sof\u00e1 na Rua<\/b><\/p>\n<p>5 de outubro, das 15h \u00e0s 20h<\/p>\n<p>Rua F\u00e9lix da Cunha, entre Bar\u00e3o de Butu\u00ed e Tiradentes \u2013 em frente ao Museu do Doce \u2013 Centro, Pelotas<\/p>\n<p>Entrada gratuita<\/p>\n<p>Atra\u00e7\u00f5es de Pelotas:<\/p>\n<p>Ziladxg e A Virgo (Novo Hamburgo)<\/p>\n<p>Leu Kalunga e Freak Brothers (Pelotas)<\/p>\n<p>Sotaques de Fronteira (Santana do Livramento)<\/p>\n<p>Al\u00e9m de Feira de economia criativa e solid\u00e1ria, dj set, gastronomia, proje\u00e7\u00e3o de v\u00eddeos<span class=\"Apple-converted-space\">\u00a0<\/span><\/p>\n<p><b>Rede do projeto:<\/b><\/p>\n<p><a href=\"https:\/\/www.instagram.com\/som_do_rs\/\">https:\/\/www.instagram.com\/som_do_rs\/<\/a><\/p>\n<p><b>Redes parceiras:<\/b><\/p>\n<p>@sofanarua<\/p>\n<p>@morrostock<\/p>\n<p>@florestaativista<\/p>\n<p>@navecoletiva<\/p>\n<p>@<a href=\"http:\/\/som.vc\">som.vc<\/a><\/p>\n<h4 style=\"text-align: center;\"><b>Conhe\u00e7a um pouco mais de cada atra\u00e7\u00e3o:<\/b><\/h4>\n<p><b>Zilladxg<\/b> &#8211; Produtor, rapper, mc e dj, iniciou sua carreira aos 15 anos em Esteio, no Rio Grande do Sul. Sin\u00f4nimo de autenticidade seja nas rimas, quanto na produ\u00e7\u00e3o musical, Zilladxg traz novas nuances ao g\u00eanero do Rap, mesclando \u00e9pocas e refer\u00eancias de forma \u00fanica. Sua marca registrada \u00e9 o jogo de palavras e seu flow inconfund\u00edvel, sendo sempre destaque nas m\u00fasicas em que participa.<\/p>\n<p>Com sua banda Bala Cachorro, apresenta um repert\u00f3rio vers\u00e1til num mix de Rap, Jazz, Samba, Psicodelia e rock.<\/p>\n<p><b>A Virgo<\/b><\/p>\n<p>A Virgo \u00e9 uma banda independente de Novo Hamburgo (RS), formada em 2016. Seu som mistura rock alternativo, lo-fi, psicodelia contempor\u00e2nea e refer\u00eancias \u00e0 m\u00fasica brasileira. A banda \u00e9 formada por Rafael Decarli, Victor Vitinho, Patrick Bruxel e Guilherme \u201cNino\u201d Moraes e acaba de lan\u00e7ar seu segundo \u00e1lbum \u201cdois ver\u00f5es ou a viagem de s\u00edfero\u201d.<\/p>\n<p>No palco, entrega uma performance vibrante e imersiva, com guitarras, sintetizadores, percuss\u00f5es e vozes que transportam o p\u00fablico para uma jornada sensorial. Seus shows s\u00e3o<\/p>\n<p>imers\u00f5es sensoriais: guitarras, baixos, sintetizadores, vozes e percuss\u00e3o entregam uma performance vibrante e intimista.<\/p>\n<p><b>Leu Kalunga<\/b><\/p>\n<p>Leu Kalunga \u00e9 uma multiartista que desde 2017 tece suas arteviv\u00eancias nordestinas em Pelotas de forma independente. Desde sua chegada ao sul, ocupa a cidade colaborando com a cena autoral. Leu vem na busca por produzir e colocar no mundo suas can\u00e7\u00f5es. H\u00e1 3 anos, produz o projeto Forr\u00f3God\u00f3 que circula com repert\u00f3rio p\u00e9 de serra, can\u00e7\u00f5es autorais e apresenta um pouco do nordeste, valorizando o interc\u00e2mbio cultural. Junto ao Coletivo e Bloco Carnavalesco de Mulheres Percussionistas &#8211; Batucantada, Leu atua na dire\u00e7\u00e3o de harmonia e realiza oficinas de canto para a comunidade. Tamb\u00e9m integra o grupo musical Filhas de Ob\u00e1 e o duo Jukiras. Compositora desde a adolesc\u00eancia, Leu narra em suas letras experi\u00eancias coletivas que lhe atravessam e sempre localizou na escrita po\u00e9tica-musical um espa\u00e7o de aconchego para contar hist\u00f3rias que por muito tempo foram silenciadas.<\/p>\n<p><b>Freak Brotherz<\/b><\/p>\n<p>Formada em 1998, em Pelotas (RS), a Freak Brotherz carrega em seu DNA a filosofia punk do \u201cfa\u00e7a voc\u00ea mesmo\u201d. Com presen\u00e7a de palco marcante e grooves intensos, baseados em uma explosiva mistura de hardcore, funk, heavy metal, rap e m\u00fasica brasileira, transmite energia e autenticidade em suas apresenta\u00e7\u00f5es.<\/p>\n<p>A banda \u00e9 formada pelos irm\u00e3os Solano Ferreira (baixo) e Danilo Ferreira (vocais), fundadores da banda, ao lado de Igo Santos (guitarra) e Cl\u00f3vis Motta (bateria). Juntos h\u00e1 mais de uma d\u00e9cada, constru\u00edram uma trajet\u00f3ria s\u00f3lida e criativa, com tr\u00eas \u00e1lbuns lan\u00e7ados:\u00a0<i>Dentro da Ideia<\/i>\u00a0(2007),\u00a0<i>Guerra Invis\u00edvel<\/i>\u00a0(2016) e\u00a0<i>Guerra Declarada<\/i>\u00a0(2020).<\/p>\n<p>A Freak Brotherz j\u00e1 dividiu palco com nomes como Raimundos, Charlie Brown Jr., Ultramen e Engenheiros do Hawaii, al\u00e9m de participar de importantes festivais, entre eles Skol Rock, Aldeia Atl\u00e2ntida e RodaSom. Tamb\u00e9m marcou presen\u00e7a em diversas edi\u00e7\u00f5es do F\u00f3rum Social Mundial.<\/p>\n<p>Em sua trajet\u00f3ria, a Freak Brotherz se mant\u00e9m em movimento, com energia, cr\u00edtica social e articula\u00e7\u00e3o na cultura independente.<\/p>\n<h4 style=\"text-align: center;\"><b>Shows em outras cidades do estado<\/b><\/h4>\n<p>Em <b>Santa Maria<\/b>, no dia 8 de novembro, sobem ao palco a Ch\u00e1 de Brothers, de Santa Maria, a Rap Pampa Crew e C\u00f3digo Penal, de Uruguaiana e Sapucaia do Sul; e Superv\u00e3o e Miri Brock, de S\u00e3o Leopoldo e Santa Maria, respectivamente. Em <b>Porto Alegre<\/b>, dia 23 de novembro, se apresentam Gabi Lamas, de S\u00e3o Louren\u00e7o do Sul, Batuca na Bituca, de Taquara e Jalile e Camila Balbueno, de Porto Alegre.<\/p>\n<p>Al\u00e9m dos shows o evento ter\u00e1 feira de economia criativa e solid\u00e1ria, DJ set, exposi\u00e7\u00e3o de fotos, performance circense, gastronomia.<\/p>\n<p><i>Som do RS \u00e9 financiado com recursos da Pol\u00edtica Nacional Aldir Blanc, repassados pela Uni\u00e3o ao Estado do Rio Grande do Sul<\/i><\/p>\n","protected":false},"excerpt":{"rendered":"<p>O coletivo anuncia as datas dos eventos, que t\u00eam shows confirmados em Pelotas, Santa Maria e Porto Alegre em seu percurso Em outubro, a rua de Pelotas ser\u00e1 palco para<\/p>\n","protected":false},"author":34,"featured_media":147920,"comment_status":"closed","ping_status":"closed","sticky":false,"template":"","format":"standard","meta":[],"categories":[305,32],"tags":[],"_links":{"self":[{"href":"https:\/\/diariodamanhapelotas.com.br\/site\/wp-json\/wp\/v2\/posts\/147918"}],"collection":[{"href":"https:\/\/diariodamanhapelotas.com.br\/site\/wp-json\/wp\/v2\/posts"}],"about":[{"href":"https:\/\/diariodamanhapelotas.com.br\/site\/wp-json\/wp\/v2\/types\/post"}],"author":[{"embeddable":true,"href":"https:\/\/diariodamanhapelotas.com.br\/site\/wp-json\/wp\/v2\/users\/34"}],"replies":[{"embeddable":true,"href":"https:\/\/diariodamanhapelotas.com.br\/site\/wp-json\/wp\/v2\/comments?post=147918"}],"version-history":[{"count":1,"href":"https:\/\/diariodamanhapelotas.com.br\/site\/wp-json\/wp\/v2\/posts\/147918\/revisions"}],"predecessor-version":[{"id":147921,"href":"https:\/\/diariodamanhapelotas.com.br\/site\/wp-json\/wp\/v2\/posts\/147918\/revisions\/147921"}],"wp:featuredmedia":[{"embeddable":true,"href":"https:\/\/diariodamanhapelotas.com.br\/site\/wp-json\/wp\/v2\/media\/147920"}],"wp:attachment":[{"href":"https:\/\/diariodamanhapelotas.com.br\/site\/wp-json\/wp\/v2\/media?parent=147918"}],"wp:term":[{"taxonomy":"category","embeddable":true,"href":"https:\/\/diariodamanhapelotas.com.br\/site\/wp-json\/wp\/v2\/categories?post=147918"},{"taxonomy":"post_tag","embeddable":true,"href":"https:\/\/diariodamanhapelotas.com.br\/site\/wp-json\/wp\/v2\/tags?post=147918"}],"curies":[{"name":"wp","href":"https:\/\/api.w.org\/{rel}","templated":true}]}}