{"id":147954,"date":"2025-10-03T01:44:52","date_gmt":"2025-10-03T04:44:52","guid":{"rendered":"https:\/\/diariodamanhapelotas.com.br\/site\/?p=147954"},"modified":"2025-10-03T01:44:52","modified_gmt":"2025-10-03T04:44:52","slug":"the-furtados-se-apresenta-no-vsq-cia-de-teatro-neste-sabado","status":"publish","type":"post","link":"https:\/\/diariodamanhapelotas.com.br\/site\/the-furtados-se-apresenta-no-vsq-cia-de-teatro-neste-sabado\/","title":{"rendered":"The Furtados se apresenta no VSQ-Cia de Teatro neste s\u00e1bado"},"content":{"rendered":"<h3 style=\"text-align: center;\"><em>Grupo pelotense mistura rap, bossa e rock em formato intimista e experimental no espet\u00e1culo \u201cSem Cartaz\u201d<\/em><\/h3>\n<p>O grupo THE FURTADOS (@_furtados) estar\u00e1 no VSQ-Cia de Teatro nesse s\u00e1bado (04\/10) \u00e0s 20h com uma performance no formato Tiny Desk passando pelo seu repert\u00f3rio j\u00e1 consolidado, al\u00e9m de novas m\u00fasicas de seu EP hom\u00f4nimo lan\u00e7ado em julho, unindo rap, bossa e rock num formato intimista e experimental.<\/p>\n<h4 style=\"text-align: center;\">Servi\u00e7o<\/h4>\n<p>O que: SEM CARTAZ (THE FURTADOS)<br \/>\nQuando: S\u00e1bado, dia 04\/10, \u00e0s 20h<br \/>\nOnde: VSQ-Cia de Teatro, Rua Dom Pedro II &#8211; 458<br \/>\nIngressos: R$ 15,00 os adiantados, via DM do grupo<\/p>\n<p>imagem de divulga\u00e7\u00e3o: @furtado.wmv<\/p>\n<p><img loading=\"lazy\" class=\"size-full wp-image-147955 aligncenter\" src=\"https:\/\/diariodamanhapelotas.com.br\/site\/wp-content\/uploads\/2025\/10\/whatsapp-image-2025-09-30-at-173357.jpeg\" alt=\"\" width=\"480\" height=\"600\" srcset=\"https:\/\/diariodamanhapelotas.com.br\/site\/wp-content\/uploads\/2025\/10\/whatsapp-image-2025-09-30-at-173357.jpeg 480w, https:\/\/diariodamanhapelotas.com.br\/site\/wp-content\/uploads\/2025\/10\/whatsapp-image-2025-09-30-at-173357-240x300.jpeg 240w, https:\/\/diariodamanhapelotas.com.br\/site\/wp-content\/uploads\/2025\/10\/whatsapp-image-2025-09-30-at-173357-120x150.jpeg 120w\" sizes=\"(max-width: 480px) 100vw, 480px\" \/><\/p>\n","protected":false},"excerpt":{"rendered":"<p>Grupo pelotense mistura rap, bossa e rock em formato intimista e experimental no espet\u00e1culo \u201cSem Cartaz\u201d O grupo THE FURTADOS (@_furtados) estar\u00e1 no VSQ-Cia de Teatro nesse s\u00e1bado (04\/10) \u00e0s<\/p>\n","protected":false},"author":34,"featured_media":147956,"comment_status":"closed","ping_status":"closed","sticky":false,"template":"","format":"standard","meta":[],"categories":[305,32],"tags":[],"_links":{"self":[{"href":"https:\/\/diariodamanhapelotas.com.br\/site\/wp-json\/wp\/v2\/posts\/147954"}],"collection":[{"href":"https:\/\/diariodamanhapelotas.com.br\/site\/wp-json\/wp\/v2\/posts"}],"about":[{"href":"https:\/\/diariodamanhapelotas.com.br\/site\/wp-json\/wp\/v2\/types\/post"}],"author":[{"embeddable":true,"href":"https:\/\/diariodamanhapelotas.com.br\/site\/wp-json\/wp\/v2\/users\/34"}],"replies":[{"embeddable":true,"href":"https:\/\/diariodamanhapelotas.com.br\/site\/wp-json\/wp\/v2\/comments?post=147954"}],"version-history":[{"count":1,"href":"https:\/\/diariodamanhapelotas.com.br\/site\/wp-json\/wp\/v2\/posts\/147954\/revisions"}],"predecessor-version":[{"id":147957,"href":"https:\/\/diariodamanhapelotas.com.br\/site\/wp-json\/wp\/v2\/posts\/147954\/revisions\/147957"}],"wp:featuredmedia":[{"embeddable":true,"href":"https:\/\/diariodamanhapelotas.com.br\/site\/wp-json\/wp\/v2\/media\/147956"}],"wp:attachment":[{"href":"https:\/\/diariodamanhapelotas.com.br\/site\/wp-json\/wp\/v2\/media?parent=147954"}],"wp:term":[{"taxonomy":"category","embeddable":true,"href":"https:\/\/diariodamanhapelotas.com.br\/site\/wp-json\/wp\/v2\/categories?post=147954"},{"taxonomy":"post_tag","embeddable":true,"href":"https:\/\/diariodamanhapelotas.com.br\/site\/wp-json\/wp\/v2\/tags?post=147954"}],"curies":[{"name":"wp","href":"https:\/\/api.w.org\/{rel}","templated":true}]}}