{"id":147959,"date":"2025-10-03T01:51:06","date_gmt":"2025-10-03T04:51:06","guid":{"rendered":"https:\/\/diariodamanhapelotas.com.br\/site\/?p=147959"},"modified":"2025-10-03T01:51:06","modified_gmt":"2025-10-03T04:51:06","slug":"a-pedido-do-mprs-justica-anula-contrato-de-locacao-da-camara-municipal-de-pelotas","status":"publish","type":"post","link":"https:\/\/diariodamanhapelotas.com.br\/site\/a-pedido-do-mprs-justica-anula-contrato-de-locacao-da-camara-municipal-de-pelotas\/","title":{"rendered":"A pedido do MPRS, Justi\u00e7a anula contrato de loca\u00e7\u00e3o da C\u00e2mara Municipal de Pelotas"},"content":{"rendered":"<h3 style=\"text-align: center;\">A decis\u00e3o da Justi\u00e7a reconheceu que o pre\u00e7o do aluguel pago pela C\u00e2mara \u00e0 empresa locadora estava acima dos valores praticados pelo mercado imobili\u00e1rio.<\/h3>\n<p>Acolhendo pedido do Minist\u00e9rio P\u00fablico do Rio Grande do Sul (MPRS), a Justi\u00e7a declarou, nesta quarta-feira, 1\u00ba de outubro, a nulidade do contrato de loca\u00e7\u00e3o firmado entre a C\u00e2mara Municipal de Pelotas e uma empresa do setor de investimentos. Tamb\u00e9m foi determinado o ressarcimento, por parte do locador, dos valores cobrados indevidamente ao er\u00e1rio. A decis\u00e3o foi proferida em a\u00e7\u00e3o civil p\u00fablica ajuizada pelo promotor de Justi\u00e7a em Pelotas Jos\u00e9 Alexandre Zachia Alan.<\/p>\n<p>A decis\u00e3o da Justi\u00e7a reconheceu que o pre\u00e7o do aluguel pago pela C\u00e2mara \u00e0 empresa locadora estava acima dos valores praticados pelo mercado imobili\u00e1rio. Com base na an\u00e1lise dos pagamentos realizados, especialmente a partir de setembro de 2019, a Justi\u00e7a concluiu que houve cobran\u00e7a excessiva por parte da locadora.<\/p>\n<p>A senten\u00e7a confirmou a liminar anteriormente concedida, fixando o valor do aluguel em R$ 32,2 mil mensais. Tamb\u00e9m determinou que a empresa devolva a diferen\u00e7a entre os valores cobrados e o total fixado no per\u00edodo compreendido entre setembro de 2019 e julho de 2023, intervalo entre a cobran\u00e7a dos valores originais do contrato e a liminar que reduziu o aluguel.<\/p>\n<p>Al\u00e9m disso, a decis\u00e3o declarou a nulidade do contrato de loca\u00e7\u00e3o, concedendo prazo de seis meses para que a C\u00e2mara Municipal promova a devida regulariza\u00e7\u00e3o contratual, com observ\u00e2ncia aos par\u00e2metros legais e aos valores de mercado. A senten\u00e7a \u00e9 de primeiro grau e ainda cabe recurso.<\/p>\n","protected":false},"excerpt":{"rendered":"<p>A decis\u00e3o da Justi\u00e7a reconheceu que o pre\u00e7o do aluguel pago pela C\u00e2mara \u00e0 empresa locadora estava acima dos valores praticados pelo mercado imobili\u00e1rio. Acolhendo pedido do Minist\u00e9rio P\u00fablico do<\/p>\n","protected":false},"author":34,"featured_media":104579,"comment_status":"closed","ping_status":"closed","sticky":false,"template":"","format":"standard","meta":[],"categories":[305,149],"tags":[],"_links":{"self":[{"href":"https:\/\/diariodamanhapelotas.com.br\/site\/wp-json\/wp\/v2\/posts\/147959"}],"collection":[{"href":"https:\/\/diariodamanhapelotas.com.br\/site\/wp-json\/wp\/v2\/posts"}],"about":[{"href":"https:\/\/diariodamanhapelotas.com.br\/site\/wp-json\/wp\/v2\/types\/post"}],"author":[{"embeddable":true,"href":"https:\/\/diariodamanhapelotas.com.br\/site\/wp-json\/wp\/v2\/users\/34"}],"replies":[{"embeddable":true,"href":"https:\/\/diariodamanhapelotas.com.br\/site\/wp-json\/wp\/v2\/comments?post=147959"}],"version-history":[{"count":1,"href":"https:\/\/diariodamanhapelotas.com.br\/site\/wp-json\/wp\/v2\/posts\/147959\/revisions"}],"predecessor-version":[{"id":147960,"href":"https:\/\/diariodamanhapelotas.com.br\/site\/wp-json\/wp\/v2\/posts\/147959\/revisions\/147960"}],"wp:featuredmedia":[{"embeddable":true,"href":"https:\/\/diariodamanhapelotas.com.br\/site\/wp-json\/wp\/v2\/media\/104579"}],"wp:attachment":[{"href":"https:\/\/diariodamanhapelotas.com.br\/site\/wp-json\/wp\/v2\/media?parent=147959"}],"wp:term":[{"taxonomy":"category","embeddable":true,"href":"https:\/\/diariodamanhapelotas.com.br\/site\/wp-json\/wp\/v2\/categories?post=147959"},{"taxonomy":"post_tag","embeddable":true,"href":"https:\/\/diariodamanhapelotas.com.br\/site\/wp-json\/wp\/v2\/tags?post=147959"}],"curies":[{"name":"wp","href":"https:\/\/api.w.org\/{rel}","templated":true}]}}