{"id":147961,"date":"2025-10-03T08:51:57","date_gmt":"2025-10-03T11:51:57","guid":{"rendered":"https:\/\/diariodamanhapelotas.com.br\/site\/?p=147961"},"modified":"2025-10-03T08:51:57","modified_gmt":"2025-10-03T11:51:57","slug":"campanha-de-multivacinacao-para-criancas-e-adolescentes-comeca-na-segunda-6","status":"publish","type":"post","link":"https:\/\/diariodamanhapelotas.com.br\/site\/campanha-de-multivacinacao-para-criancas-e-adolescentes-comeca-na-segunda-6\/","title":{"rendered":"Campanha de multivacina\u00e7\u00e3o para crian\u00e7as e adolescentes come\u00e7a na segunda (6)"},"content":{"rendered":"<h3 style=\"text-align: center;\"><em>Objetivo \u00e9 atualizar a caderneta vacinal do p\u00fablico com menos de 15 anos. Ao todo, o Programa Nacional de Imuniza\u00e7\u00f5es oferece 19 vacinas para o p\u00fablico da campanha<\/em><\/h3>\n<p>Come\u00e7a na segunda-feira (6\/10) a Campanha Nacional de Multivacina\u00e7\u00e3o voltada para crian\u00e7as e adolescentes com menos de 15 anos. A a\u00e7\u00e3o tem como foco o resgate vacinal desse p\u00fablico, garantindo que todas as doses do calend\u00e1rio b\u00e1sico estejam em dia. Aproximadamente 1,8 milh\u00e3o de pessoas est\u00e3o inclu\u00eddas nesse perfil no Rio Grande do Sul.<\/p>\n<p>A campanha se estende at\u00e9 31 de outubro. O Dia D da Multivacina\u00e7\u00e3o, marcado para s\u00e1bado (18\/10), contar\u00e1 com uma mobiliza\u00e7\u00e3o especial, com unidades abertas e equipes de sa\u00fade atuando para ampliar o acesso \u00e0 imuniza\u00e7\u00e3o. A Secretaria da Sa\u00fade (SES) refor\u00e7a que, mesmo ap\u00f3s o encerramento da estrat\u00e9gia, as vacinas do calend\u00e1rio b\u00e1sico seguem dispon\u00edveis de forma cont\u00ednua nas unidades b\u00e1sicas de sa\u00fade (UBS), permitindo que pais e respons\u00e1veis atualizem a caderneta vacinal das crian\u00e7as e dos adolescentes ao longo de todo o ano.<\/p>\n<p>A orienta\u00e7\u00e3o do Centro Estadual de Vigil\u00e2ncia em Sa\u00fade (Cevs) \u00e9 que os pais ou respons\u00e1veis levem a caderneta de vacina\u00e7\u00e3o da crian\u00e7a ou do adolescente. Com isso, os profissionais das UBSs poder\u00e3o avaliar quais imunizantes precisam ser aplicados, conforme a idade e o hist\u00f3rico vacinal.<\/p>\n<p>Ao todo, o Programa Nacional de Imuniza\u00e7\u00f5es (PNI) oferece 19 vacinas para o p\u00fablico da campanha. Crian\u00e7as menores de sete anos t\u00eam acesso a 16 tipos de imunizantes, enquanto os maiores de sete contam com oito vacinas, algumas j\u00e1 previstas em idades anteriores. A vacina\u00e7\u00e3o \u00e9 seletiva, ou seja, ser\u00e1 feita apenas quando houver necessidade de se completar o esquema vacinal ou se aplicar doses em atraso.<\/p>\n<p>A campanha refor\u00e7a que a prote\u00e7\u00e3o completa contra doen\u00e7as imunopreven\u00edveis s\u00f3 \u00e9 garantida caso todas as doses recomendadas tenham sido aplicadas. Al\u00e9m disso, a estrat\u00e9gia contribui para melhorar as coberturas vacinais e manter sob controle doen\u00e7as que podem ser evitadas por meio da vacina\u00e7\u00e3o.<\/p>\n<h4 style=\"text-align: center;\"><strong>Avan\u00e7os no RS<\/strong><\/h4>\n<p>Nos \u00faltimos anos, o Rio Grande do Sul tem registrado avan\u00e7os importantes nas coberturas vacinais, especialmente entre crian\u00e7as menores de dois anos. Entre os destaques est\u00e3o imunizantes como pentavalente (difteria, t\u00e9tano, coqueluche, hepatite B e meningite por\u00a0<em>Haemophilus influenzae<\/em>\u00a0tipo B), p\u00f3lio, pneumoc\u00f3cica e tr\u00edplice viral (sarampo, caxumba e rub\u00e9ola). Tamb\u00e9m houve crescimento na ades\u00e3o \u00e0 vacina contra o HPV, destinada a meninas e meninos de 9 anos a 14 anos.<\/p>\n<p>Esses resultados s\u00e3o fruto de iniciativas como o\u00a0<a href=\"https:\/\/saude.rs.gov.br\/mais-de-400-municipios-sao-premiados-por-aumentar-cobertura-vacinal-do-rio-grande-do-sul\" target=\"_blank\" rel=\"noopener noreferrer\"><strong>selo Munic\u00edpio Amigo da Vacina<\/strong><\/a>\u00a0e o\u00a0<a href=\"https:\/\/saude.rs.gov.br\/imuniza-escola\" target=\"_blank\" rel=\"noopener noreferrer\"><strong>Programa Imuniza Escola RS<\/strong><\/a>, que fortalecem a cultura da vacina\u00e7\u00e3o e ampliam o acesso \u00e0 imuniza\u00e7\u00e3o em todo o Estado.<\/p>\n<p><strong>Pentavalente<\/strong><\/p>\n<ul>\n<li>2022: 78,62%<\/li>\n<li>2023: 90,73%<\/li>\n<li>2024: 93,12%<\/li>\n<\/ul>\n<p><strong>P\u00f3lio<\/strong><\/p>\n<ul>\n<li>2022: 78,80%<\/li>\n<li>2023: 90,90%<\/li>\n<li>2024: 93,21%<\/li>\n<\/ul>\n<p><strong>Pneumoc\u00f3cica<\/strong><\/p>\n<ul>\n<li>2022: 84,49%<\/li>\n<li>2023: 95,04%<\/li>\n<li>2024: 96,11%<\/li>\n<\/ul>\n<p><strong>Tr\u00edplice viral<\/strong><\/p>\n<ul>\n<li>2022: 88,48%<\/li>\n<li>2023: 96,26%<\/li>\n<li>2024: 99,02%<\/li>\n<\/ul>\n<p><strong>HPV<\/strong><\/p>\n<ul>\n<li>2022: 64,96%<\/li>\n<li>2023: 73,43%<\/li>\n<li>2024: 78,80%<\/li>\n<\/ul>\n<h4 style=\"text-align: center;\"><strong>Sarampo<\/strong><\/h4>\n<p>Uma das vacinas que estar\u00e1 dispon\u00edvel na campanha \u00e9 contra o sarampo. A preven\u00e7\u00e3o \u00e0 doen\u00e7a se d\u00e1 por meio da tr\u00edplice viral e da tetra viral, com doses previstas aos 12 e aos 15 meses de idade.<\/p>\n<p>Apesar de o Brasil ter reconquistado, em 2024, a certifica\u00e7\u00e3o de elimina\u00e7\u00e3o do sarampo, o risco de reintrodu\u00e7\u00e3o da doen\u00e7a permanece elevado. Isso se deve \u00e0 circula\u00e7\u00e3o do v\u00edrus em pa\u00edses das Am\u00e9ricas, da Europa e de outras regi\u00f5es. Em abril deste ano, Porto Alegre registrou um caso importado da doen\u00e7a em uma mulher adulta n\u00e3o vacinada, que havia retornado de viagem aos Estados Unidos.<\/p>\n<p>Diante desse cen\u00e1rio, a SES e o Minist\u00e9rio da Sa\u00fade orientam os munic\u00edpios a aproveitarem a oportunidade para atualizarem a situa\u00e7\u00e3o vacinal contra o sarampo na popula\u00e7\u00e3o at\u00e9 59 anos.<\/p>\n<h4 style=\"text-align: center;\"><strong>HPV: faixa et\u00e1ria ampliada at\u00e9 19 anos<\/strong><\/h4>\n<p>Outra vacina que ganha destaque na campanha \u00e9 a que combate o papilomav\u00edrus humano (HPV). Embora a multivacina\u00e7\u00e3o seja voltada para o p\u00fablico menor de 15 anos, a SES refor\u00e7a que, at\u00e9 o final do ano, a vacina est\u00e1 ampliada para adolescentes de 15 anos a 19 anos que ainda n\u00e3o tenham sido imunizados.<\/p>\n<p>No calend\u00e1rio nacional, o imunizante \u00e9 ofertado em dose \u00fanica para meninas e meninos de 9 anos a 14 anos. A amplia\u00e7\u00e3o iniciada em mar\u00e7o de 2025 busca resgatar adolescentes que perderam a oportunidade de se vacinarem, oferecendo uma nova chance de prote\u00e7\u00e3o.<\/p>\n<p>A vacina contra o HPV \u00e9 a principal forma de preven\u00e7\u00e3o contra o c\u00e2ncer de colo do \u00fatero, al\u00e9m de outros tipos como os c\u00e2nceres de \u00e2nus, p\u00eanis, boca e orofaringe. A amplia\u00e7\u00e3o da faixa et\u00e1ria \u00e9 uma medida estrat\u00e9gica para reduzir a incid\u00eancia desses c\u00e2nceres no futuro e garantir maior cobertura vacinal entre os jovens.<\/p>\n<h4 style=\"text-align: center;\"><strong>Vacinas do calend\u00e1rio da crian\u00e7a para menores de 7 anos de idade<\/strong><\/h4>\n<ul>\n<li>BCG (tuberculose)<\/li>\n<li>Hepatite B<\/li>\n<li>Pentavalente (difteria, t\u00e9tano, coqueluche, hepatite B e meningite por\u00a0<em>Haemophilus influenzae<\/em>\u00a0tipo B).<\/li>\n<li>P\u00f3lio<\/li>\n<li>Rotav\u00edrus<\/li>\n<li>Pneumoc\u00f3cica decavalente<\/li>\n<li>Meningoc\u00f3cica C<\/li>\n<li>Meningoc\u00f3cica ACWY<\/li>\n<li>Gripe (influenza)<\/li>\n<li>Covid-19<\/li>\n<li>Febre amarela<\/li>\n<li>Tr\u00edplice viral (sarampo, caxumba e rub\u00e9ola)<\/li>\n<li>Tetra viral (sarampo, caxumba, rub\u00e9ola e varicela)<\/li>\n<li>DTP infantil (difteria, t\u00e9tano e coqueluche)<\/li>\n<li>Hepatite A<\/li>\n<li>Varicela<\/li>\n<\/ul>\n<h4 style=\"text-align: center;\"><strong>Vacinas do calend\u00e1rio da crian\u00e7a a partir de 7 anos de idade e do calend\u00e1rio do adolescente<\/strong><\/h4>\n<ul>\n<li>Hepatite B<\/li>\n<li>Febre amarela<\/li>\n<li>Tr\u00edplice viral (sarampo, caxumba e rub\u00e9ola)<\/li>\n<li>Dupla adulto (difteria e t\u00e9tano)<\/li>\n<li>Tr\u00edplice bacteriana adulto (difteria, t\u00e9tano e coqueluche)<\/li>\n<li>Meningoc\u00f3cica ACWY<\/li>\n<li>HPV<\/li>\n<li>Varicela<\/li>\n<\/ul>\n","protected":false},"excerpt":{"rendered":"<p>Objetivo \u00e9 atualizar a caderneta vacinal do p\u00fablico com menos de 15 anos. Ao todo, o Programa Nacional de Imuniza\u00e7\u00f5es oferece 19 vacinas para o p\u00fablico da campanha Come\u00e7a na<\/p>\n","protected":false},"author":3,"featured_media":119924,"comment_status":"closed","ping_status":"closed","sticky":false,"template":"","format":"standard","meta":[],"categories":[305,150],"tags":[],"_links":{"self":[{"href":"https:\/\/diariodamanhapelotas.com.br\/site\/wp-json\/wp\/v2\/posts\/147961"}],"collection":[{"href":"https:\/\/diariodamanhapelotas.com.br\/site\/wp-json\/wp\/v2\/posts"}],"about":[{"href":"https:\/\/diariodamanhapelotas.com.br\/site\/wp-json\/wp\/v2\/types\/post"}],"author":[{"embeddable":true,"href":"https:\/\/diariodamanhapelotas.com.br\/site\/wp-json\/wp\/v2\/users\/3"}],"replies":[{"embeddable":true,"href":"https:\/\/diariodamanhapelotas.com.br\/site\/wp-json\/wp\/v2\/comments?post=147961"}],"version-history":[{"count":1,"href":"https:\/\/diariodamanhapelotas.com.br\/site\/wp-json\/wp\/v2\/posts\/147961\/revisions"}],"predecessor-version":[{"id":147963,"href":"https:\/\/diariodamanhapelotas.com.br\/site\/wp-json\/wp\/v2\/posts\/147961\/revisions\/147963"}],"wp:featuredmedia":[{"embeddable":true,"href":"https:\/\/diariodamanhapelotas.com.br\/site\/wp-json\/wp\/v2\/media\/119924"}],"wp:attachment":[{"href":"https:\/\/diariodamanhapelotas.com.br\/site\/wp-json\/wp\/v2\/media?parent=147961"}],"wp:term":[{"taxonomy":"category","embeddable":true,"href":"https:\/\/diariodamanhapelotas.com.br\/site\/wp-json\/wp\/v2\/categories?post=147961"},{"taxonomy":"post_tag","embeddable":true,"href":"https:\/\/diariodamanhapelotas.com.br\/site\/wp-json\/wp\/v2\/tags?post=147961"}],"curies":[{"name":"wp","href":"https:\/\/api.w.org\/{rel}","templated":true}]}}