{"id":147964,"date":"2025-10-03T09:19:00","date_gmt":"2025-10-03T12:19:00","guid":{"rendered":"https:\/\/diariodamanhapelotas.com.br\/site\/?p=147964"},"modified":"2025-10-03T09:19:00","modified_gmt":"2025-10-03T12:19:00","slug":"pontal-da-barra-tera-transporte-coletivo","status":"publish","type":"post","link":"https:\/\/diariodamanhapelotas.com.br\/site\/pontal-da-barra-tera-transporte-coletivo\/","title":{"rendered":"Pontal da Barra ter\u00e1 transporte coletivo"},"content":{"rendered":"<h3 style=\"text-align: center;\"><em>Novo itiner\u00e1rio ser\u00e1 experimental durante 15 dias \u00fateis<\/em><\/h3>\n<p><span style=\"font-style: inherit; font-weight: inherit;\"><span style=\"font-size: medium;\">A partir de segunda-feira (6), moradores do Pontal da Barra, no Laranjal, poder\u00e3o contar com servi\u00e7os de transporte coletivo urbano. A Prefeitura, visando beneficiar o maior n\u00famero poss\u00edvel de usu\u00e1rios, aproximando o transporte da comunidade mais distante, est\u00e1 implantando o servi\u00e7o, em car\u00e1ter experimental, durante 15 dias \u00fateis, para verificar a demanda existente.<\/span><\/span><\/p>\n<p><span style=\"font-style: inherit; font-weight: inherit;\"><span style=\"font-size: medium;\">A Secretaria de Transporte e Tr\u00e2nsito (STT), durante o per\u00edodo tempor\u00e1rio estipulado, realizar\u00e1 estudos t\u00e9cnicos para apurar a possibilidade de manter o itiner\u00e1rio, permanentemente, mediante avalia\u00e7\u00e3o da demanda. De acordo com o setor de Transporte da STT, as obras para melhoria na estrada de acesso ao Pontal foram determinantes para implanta\u00e7\u00e3o do atendimento do transporte coletivo, em condi\u00e7\u00f5es seguras, \u00e0 comunidade da localidade.<\/span><\/span><\/p>\n<p><span style=\"font-style: inherit; font-weight: inherit;\"><span style=\"font-size: medium;\"><span style=\"font-weight: normal;\">Os hor\u00e1rios dos coletivos ser\u00e3o \u00e0s 8h bairro\/Centro e \u00e0s 18h25min Centro\/bairro. O objetivo desses hor\u00e1rios de circula\u00e7\u00e3o \u00e9 dar oportunidade do uso de \u00f4nibus ao maior n\u00famero poss\u00edvel de usu\u00e1rios.<\/span><\/span><\/span><\/p>\n<p>Foto: Paula Schild Mascarenhas<\/p>\n","protected":false},"excerpt":{"rendered":"<p>Novo itiner\u00e1rio ser\u00e1 experimental durante 15 dias \u00fateis A partir de segunda-feira (6), moradores do Pontal da Barra, no Laranjal, poder\u00e3o contar com servi\u00e7os de transporte coletivo urbano. A Prefeitura,<\/p>\n","protected":false},"author":3,"featured_media":147965,"comment_status":"closed","ping_status":"closed","sticky":false,"template":"","format":"standard","meta":[],"categories":[305,149],"tags":[],"_links":{"self":[{"href":"https:\/\/diariodamanhapelotas.com.br\/site\/wp-json\/wp\/v2\/posts\/147964"}],"collection":[{"href":"https:\/\/diariodamanhapelotas.com.br\/site\/wp-json\/wp\/v2\/posts"}],"about":[{"href":"https:\/\/diariodamanhapelotas.com.br\/site\/wp-json\/wp\/v2\/types\/post"}],"author":[{"embeddable":true,"href":"https:\/\/diariodamanhapelotas.com.br\/site\/wp-json\/wp\/v2\/users\/3"}],"replies":[{"embeddable":true,"href":"https:\/\/diariodamanhapelotas.com.br\/site\/wp-json\/wp\/v2\/comments?post=147964"}],"version-history":[{"count":1,"href":"https:\/\/diariodamanhapelotas.com.br\/site\/wp-json\/wp\/v2\/posts\/147964\/revisions"}],"predecessor-version":[{"id":147966,"href":"https:\/\/diariodamanhapelotas.com.br\/site\/wp-json\/wp\/v2\/posts\/147964\/revisions\/147966"}],"wp:featuredmedia":[{"embeddable":true,"href":"https:\/\/diariodamanhapelotas.com.br\/site\/wp-json\/wp\/v2\/media\/147965"}],"wp:attachment":[{"href":"https:\/\/diariodamanhapelotas.com.br\/site\/wp-json\/wp\/v2\/media?parent=147964"}],"wp:term":[{"taxonomy":"category","embeddable":true,"href":"https:\/\/diariodamanhapelotas.com.br\/site\/wp-json\/wp\/v2\/categories?post=147964"},{"taxonomy":"post_tag","embeddable":true,"href":"https:\/\/diariodamanhapelotas.com.br\/site\/wp-json\/wp\/v2\/tags?post=147964"}],"curies":[{"name":"wp","href":"https:\/\/api.w.org\/{rel}","templated":true}]}}