{"id":147967,"date":"2025-10-04T16:10:57","date_gmt":"2025-10-04T19:10:57","guid":{"rendered":"https:\/\/diariodamanhapelotas.com.br\/site\/?p=147967"},"modified":"2025-10-04T16:10:57","modified_gmt":"2025-10-04T19:10:57","slug":"edital-de-primeiro-e-segundo-leilao-e-intimacao-de-edson-ferreira-da-rosa","status":"publish","type":"post","link":"https:\/\/diariodamanhapelotas.com.br\/site\/edital-de-primeiro-e-segundo-leilao-e-intimacao-de-edson-ferreira-da-rosa\/","title":{"rendered":"Edital de Primeiro e Segundo Leil\u00e3o e Intima\u00e7\u00e3o de Edson Ferreira da Rosa"},"content":{"rendered":"<p><strong>Edital publicado em 04 de outubro de 2025.<\/strong><\/p>\n<p><img loading=\"lazy\" class=\"size-full wp-image-147969 aligncenter\" src=\"https:\/\/diariodamanhapelotas.com.br\/site\/wp-content\/uploads\/2025\/10\/edital-edson-ferreira-da-rosa1.jpg\" alt=\"\" width=\"553\" height=\"600\" srcset=\"https:\/\/diariodamanhapelotas.com.br\/site\/wp-content\/uploads\/2025\/10\/edital-edson-ferreira-da-rosa1.jpg 553w, https:\/\/diariodamanhapelotas.com.br\/site\/wp-content\/uploads\/2025\/10\/edital-edson-ferreira-da-rosa1-277x300.jpg 277w, https:\/\/diariodamanhapelotas.com.br\/site\/wp-content\/uploads\/2025\/10\/edital-edson-ferreira-da-rosa1-138x150.jpg 138w\" sizes=\"(max-width: 553px) 100vw, 553px\" \/><img loading=\"lazy\" class=\"aligncenter wp-image-147968\" src=\"https:\/\/diariodamanhapelotas.com.br\/site\/wp-content\/uploads\/2025\/10\/edital-edson-ferreira-da-rosa2.jpg\" alt=\"\" width=\"553\" height=\"469\" srcset=\"https:\/\/diariodamanhapelotas.com.br\/site\/wp-content\/uploads\/2025\/10\/edital-edson-ferreira-da-rosa2.jpg 708w, https:\/\/diariodamanhapelotas.com.br\/site\/wp-content\/uploads\/2025\/10\/edital-edson-ferreira-da-rosa2-300x254.jpg 300w, https:\/\/diariodamanhapelotas.com.br\/site\/wp-content\/uploads\/2025\/10\/edital-edson-ferreira-da-rosa2-150x127.jpg 150w\" sizes=\"(max-width: 553px) 100vw, 553px\" \/><img loading=\"lazy\" class=\"aligncenter wp-image-147970\" src=\"https:\/\/diariodamanhapelotas.com.br\/site\/wp-content\/uploads\/2025\/10\/edital-edson-ferreira-da-rosa3.jpg\" alt=\"\" width=\"553\" height=\"432\" srcset=\"https:\/\/diariodamanhapelotas.com.br\/site\/wp-content\/uploads\/2025\/10\/edital-edson-ferreira-da-rosa3.jpg 768w, https:\/\/diariodamanhapelotas.com.br\/site\/wp-content\/uploads\/2025\/10\/edital-edson-ferreira-da-rosa3-300x234.jpg 300w, https:\/\/diariodamanhapelotas.com.br\/site\/wp-content\/uploads\/2025\/10\/edital-edson-ferreira-da-rosa3-150x117.jpg 150w\" sizes=\"(max-width: 553px) 100vw, 553px\" \/><\/p>\n","protected":false},"excerpt":{"rendered":"<p>Edital publicado em 04 de outubro de 2025.<\/p>\n","protected":false},"author":3,"featured_media":116067,"comment_status":"closed","ping_status":"closed","sticky":false,"template":"","format":"standard","meta":[],"categories":[887],"tags":[],"_links":{"self":[{"href":"https:\/\/diariodamanhapelotas.com.br\/site\/wp-json\/wp\/v2\/posts\/147967"}],"collection":[{"href":"https:\/\/diariodamanhapelotas.com.br\/site\/wp-json\/wp\/v2\/posts"}],"about":[{"href":"https:\/\/diariodamanhapelotas.com.br\/site\/wp-json\/wp\/v2\/types\/post"}],"author":[{"embeddable":true,"href":"https:\/\/diariodamanhapelotas.com.br\/site\/wp-json\/wp\/v2\/users\/3"}],"replies":[{"embeddable":true,"href":"https:\/\/diariodamanhapelotas.com.br\/site\/wp-json\/wp\/v2\/comments?post=147967"}],"version-history":[{"count":1,"href":"https:\/\/diariodamanhapelotas.com.br\/site\/wp-json\/wp\/v2\/posts\/147967\/revisions"}],"predecessor-version":[{"id":147971,"href":"https:\/\/diariodamanhapelotas.com.br\/site\/wp-json\/wp\/v2\/posts\/147967\/revisions\/147971"}],"wp:featuredmedia":[{"embeddable":true,"href":"https:\/\/diariodamanhapelotas.com.br\/site\/wp-json\/wp\/v2\/media\/116067"}],"wp:attachment":[{"href":"https:\/\/diariodamanhapelotas.com.br\/site\/wp-json\/wp\/v2\/media?parent=147967"}],"wp:term":[{"taxonomy":"category","embeddable":true,"href":"https:\/\/diariodamanhapelotas.com.br\/site\/wp-json\/wp\/v2\/categories?post=147967"},{"taxonomy":"post_tag","embeddable":true,"href":"https:\/\/diariodamanhapelotas.com.br\/site\/wp-json\/wp\/v2\/tags?post=147967"}],"curies":[{"name":"wp","href":"https:\/\/api.w.org\/{rel}","templated":true}]}}