{"id":147976,"date":"2025-10-06T10:14:29","date_gmt":"2025-10-06T13:14:29","guid":{"rendered":"https:\/\/diariodamanhapelotas.com.br\/site\/?p=147976"},"modified":"2025-10-06T10:14:29","modified_gmt":"2025-10-06T13:14:29","slug":"dia-das-criancas-2025-deve-ter-vendas-levemente-abaixo-do-ano-passado-aponta-fecomercio-rs","status":"publish","type":"post","link":"https:\/\/diariodamanhapelotas.com.br\/site\/dia-das-criancas-2025-deve-ter-vendas-levemente-abaixo-do-ano-passado-aponta-fecomercio-rs\/","title":{"rendered":"Dia das Crian\u00e7as 2025 deve ter vendas levemente abaixo do ano passado, aponta Fecom\u00e9rcio-RS"},"content":{"rendered":"<h3 style=\"text-align: center;\"><em>Com desacelera\u00e7\u00e3o da atividade e base de compara\u00e7\u00e3o muito elevada, cen\u00e1rio \u00e9 de vendas mais contidas neste ano<\/em><\/h3>\n<p>Depois de um resultado expressivo do Dia das Crian\u00e7as em 2024 no contexto da reconstru\u00e7\u00e3o p\u00f3s-cheias, a data neste ano se aproxima em meio a um cen\u00e1rio de perda de ritmo da atividade econ\u00f4mica, com desacelera\u00e7\u00e3o das vendas no varejo do Rio Grande do Sul. A avalia\u00e7\u00e3o da Fecom\u00e9rcio-RS aponta que as vendas de presentes devem ficar levemente abaixo do alcan\u00e7ado no mesmo per\u00edodo de 2024.<\/p>\n<p>Conforme a entidade, de acordo com a an\u00e1lise das Notas Fiscais Eletr\u00f4nicas emitidas no Estado nos meses de junho e julho de 2025, as vendas nominais de brinquedos \u2013 principal segmento impactado pela data \u2013 permaneceram em patamar muito pr\u00f3ximo ao registrado no mesmo per\u00edodo do ano passado. Contudo, apesar de fatores positivos como a manuten\u00e7\u00e3o de um mercado de trabalho robusto, com taxa de desemprego na m\u00ednima hist\u00f3rica (4,3%) e massa salarial 3,7% maior que no ano anterior, alguns elementos pesam negativamente, limitando o crescimento das vendas de Dia das Crian\u00e7as que est\u00e3o por vir neste ano.<\/p>\n<p>Entre estes elementos, est\u00e3o os juros mais altos (15% a.a., contra 10,5% em setembro de 2024), que limitam a capacidade de pagamento das fam\u00edlias via novos empr\u00e9stimos em um contexto de cr\u00e9dito mais escasso, elevado comprometimento da renda das fam\u00edlias e maior risco de inadimpl\u00eancia. Al\u00e9m disso, tamb\u00e9m figura a cautela refor\u00e7ada por parte das fam\u00edlias ga\u00fachas, conforme aponta o \u00cdndice de Confian\u00e7a do Consumidor do Rio Grande do Sul (ICF-RS), que registrou 50,8 pontos em agosto deste ano, contra 59,2 pontos no mesmo m\u00eas do ano anterior. Outro ponto de grande destaque diz respeito \u00e0 aus\u00eancia da inje\u00e7\u00e3o de recursos emergenciais na economia, registrados no p\u00f3s-enchentes de 2024, j\u00e1 que o contexto da reconstru\u00e7\u00e3o com recursos extraordin\u00e1rios impulsionou fortemente o consumo, elevando a base de compara\u00e7\u00e3o.<\/p>\n<p>\u201cMesmo que as vendas n\u00e3o tenham o mesmo impulso do ano passado, o Dia das Crian\u00e7as deve movimentar o varejo de brinquedos, que s\u00e3o os mais procurados, e tamb\u00e9m outros presente\u00e1veis para o p\u00fablico infantil\u201d, ressalta o presidente do Sistema Fecom\u00e9rcio-RS\/Sesc\/Senac e IFEP, Luiz Carlos Bohn. \u201cEstamos em um momento de desacelera\u00e7\u00e3o, com or\u00e7amentos pressionados e bastante cautela do consumidor. As vendas n\u00e3o acontecer\u00e3o sem esfor\u00e7o: estrat\u00e9gias direcionadas ao p\u00fablico-alvo, al\u00e9m de comunica\u00e7\u00e3o assertiva e clara e condi\u00e7\u00f5es de pagamentos facilitadas, mas dentro das possibilidades de cada neg\u00f3cio, devem ter toda aten\u00e7\u00e3o dos varejistas.\u201d, acrescenta.<\/p>\n<p><a href=\"https:\/\/api.senacrs.com.br\/bff\/site-fecomercio\/v1\/file\/31d3d9cb878a8cbe4f63ec7deecb0c4c7de574.pdf\" target=\"_blank\" rel=\"noopener noreferrer\">Veja a an\u00e1lise completa da Fecom\u00e9rcio-RS.<\/a><\/p>\n<p>Fotos: Fernando Fraz\u00e3o<\/p>\n","protected":false},"excerpt":{"rendered":"<p>Com desacelera\u00e7\u00e3o da atividade e base de compara\u00e7\u00e3o muito elevada, cen\u00e1rio \u00e9 de vendas mais contidas neste ano Depois de um resultado expressivo do Dia das Crian\u00e7as em 2024 no<\/p>\n","protected":false},"author":3,"featured_media":147978,"comment_status":"closed","ping_status":"closed","sticky":false,"template":"","format":"standard","meta":[],"categories":[305,31],"tags":[],"_links":{"self":[{"href":"https:\/\/diariodamanhapelotas.com.br\/site\/wp-json\/wp\/v2\/posts\/147976"}],"collection":[{"href":"https:\/\/diariodamanhapelotas.com.br\/site\/wp-json\/wp\/v2\/posts"}],"about":[{"href":"https:\/\/diariodamanhapelotas.com.br\/site\/wp-json\/wp\/v2\/types\/post"}],"author":[{"embeddable":true,"href":"https:\/\/diariodamanhapelotas.com.br\/site\/wp-json\/wp\/v2\/users\/3"}],"replies":[{"embeddable":true,"href":"https:\/\/diariodamanhapelotas.com.br\/site\/wp-json\/wp\/v2\/comments?post=147976"}],"version-history":[{"count":1,"href":"https:\/\/diariodamanhapelotas.com.br\/site\/wp-json\/wp\/v2\/posts\/147976\/revisions"}],"predecessor-version":[{"id":147979,"href":"https:\/\/diariodamanhapelotas.com.br\/site\/wp-json\/wp\/v2\/posts\/147976\/revisions\/147979"}],"wp:featuredmedia":[{"embeddable":true,"href":"https:\/\/diariodamanhapelotas.com.br\/site\/wp-json\/wp\/v2\/media\/147978"}],"wp:attachment":[{"href":"https:\/\/diariodamanhapelotas.com.br\/site\/wp-json\/wp\/v2\/media?parent=147976"}],"wp:term":[{"taxonomy":"category","embeddable":true,"href":"https:\/\/diariodamanhapelotas.com.br\/site\/wp-json\/wp\/v2\/categories?post=147976"},{"taxonomy":"post_tag","embeddable":true,"href":"https:\/\/diariodamanhapelotas.com.br\/site\/wp-json\/wp\/v2\/tags?post=147976"}],"curies":[{"name":"wp","href":"https:\/\/api.w.org\/{rel}","templated":true}]}}