{"id":147980,"date":"2025-10-06T10:19:54","date_gmt":"2025-10-06T13:19:54","guid":{"rendered":"https:\/\/diariodamanhapelotas.com.br\/site\/?p=147980"},"modified":"2025-10-06T10:19:54","modified_gmt":"2025-10-06T13:19:54","slug":"praca-da-baronesa-sera-palco-da-semana-da-crianca-2025","status":"publish","type":"post","link":"https:\/\/diariodamanhapelotas.com.br\/site\/praca-da-baronesa-sera-palco-da-semana-da-crianca-2025\/","title":{"rendered":"Pra\u00e7a da Baronesa ser\u00e1 palco da Semana da Crian\u00e7a 2025"},"content":{"rendered":"<h3 style=\"text-align: center;\"><em>O espa\u00e7o esportivo receber\u00e1 atividades para um p\u00fablico de quatro a 11 anos<\/em><\/h3>\n<p>A partir desta segunda-feira (6), a Pra\u00e7a da Baronesa ser\u00e1 o palco da Semana da Crian\u00e7a 2025, que contar\u00e1 com atividades gratuitas voltadas para um p\u00fablico infantil entre quatro e 11 anos. A programa\u00e7\u00e3o ser\u00e1 dividida em tr\u00eas dias, entre segunda (6), quarta (8) e quinta-feira (9), com os encontros ocorrendo das 13h30 \u00e0s 17h, no Espa\u00e7o Esportivo S\u00e9rgio Cabral, dentro da pra\u00e7a. A participa\u00e7\u00e3o foi aberta para as escolas do munic\u00edpio, e j\u00e1 conta a inscri\u00e7\u00e3o de mais de 450 crian\u00e7as.<\/p>\n<p>Esta a\u00e7\u00e3o ser\u00e1 promovida pela Prefeitura, por meio da diretoria de Lazer da Secretaria de Esporte, Lazer e Juventude (SELJ), contando com a parceria de projetos de outras secretarias, como o SAMUzinho, Zooando na Escola e Escolinha de Tr\u00e2nsito, e restrita a alunos da rede p\u00fablica.<\/p>\n<p>O Programa Vida Ativa da SELJ, busca a realiza\u00e7\u00e3o de atividades l\u00fadicas, esportivas e recreativas durante a Semana da Crian\u00e7a, visando proporcionar momentos de integra\u00e7\u00e3o, socializa\u00e7\u00e3o e promo\u00e7\u00e3o da sa\u00fade atrav\u00e9s do movimento. Al\u00e9m disso, a programa\u00e7\u00e3o tem como objetivo valorizar a inf\u00e2ncia, estimular pr\u00e1ticas esportivas desde cedo e ocupar os espa\u00e7os p\u00fablicos com atividades educativas, recreativas e de lazer, reafirmando o compromisso da Prefeitura de Pelotas com o bem-estar e a qualidade de vida da popula\u00e7\u00e3o.<\/p>\n<h4 style=\"text-align: center;\">Confira o cronograma de atividades<\/h4>\n<p><strong>06\/10 &#8211; Pr\u00e9 1 e Pr\u00e9 2, com crian\u00e7as de 4 a 6 anos<\/strong><\/p>\n<p>SAMUzinho, ensino de primeiros socorros para crian\u00e7as;<\/p>\n<p>Zooando na Escola &#8211; Teatro de fantoches;<\/p>\n<p>STT &#8211; Escolinha de Tr\u00e2nsito;<\/p>\n<p>Circuitos e brincadeiras;<\/p>\n<p>Brinquedos infl\u00e1veis.<\/p>\n<p><strong>08\/10 e 09\/10 &#8211; 1\u00b0 ao 5\u00b0 ano &#8211; crian\u00e7as de 7 a 11 anos<\/strong><\/p>\n<p>SAMUzinho, ensino de primeiros socorros para crian\u00e7as;<\/p>\n<p>Zooando na Escola- Mascotes;<\/p>\n<p>Quem Luta N\u00e3o Briga &#8211; Oficina de Taekwondo;<\/p>\n<p>Circuitos e brincadeiras;<\/p>\n<p>Brinquedos infl\u00e1veis.<\/p>\n","protected":false},"excerpt":{"rendered":"<p>O espa\u00e7o esportivo receber\u00e1 atividades para um p\u00fablico de quatro a 11 anos A partir desta segunda-feira (6), a Pra\u00e7a da Baronesa ser\u00e1 o palco da Semana da Crian\u00e7a 2025,<\/p>\n","protected":false},"author":3,"featured_media":147981,"comment_status":"closed","ping_status":"closed","sticky":false,"template":"","format":"standard","meta":[],"categories":[305,149],"tags":[],"_links":{"self":[{"href":"https:\/\/diariodamanhapelotas.com.br\/site\/wp-json\/wp\/v2\/posts\/147980"}],"collection":[{"href":"https:\/\/diariodamanhapelotas.com.br\/site\/wp-json\/wp\/v2\/posts"}],"about":[{"href":"https:\/\/diariodamanhapelotas.com.br\/site\/wp-json\/wp\/v2\/types\/post"}],"author":[{"embeddable":true,"href":"https:\/\/diariodamanhapelotas.com.br\/site\/wp-json\/wp\/v2\/users\/3"}],"replies":[{"embeddable":true,"href":"https:\/\/diariodamanhapelotas.com.br\/site\/wp-json\/wp\/v2\/comments?post=147980"}],"version-history":[{"count":1,"href":"https:\/\/diariodamanhapelotas.com.br\/site\/wp-json\/wp\/v2\/posts\/147980\/revisions"}],"predecessor-version":[{"id":147982,"href":"https:\/\/diariodamanhapelotas.com.br\/site\/wp-json\/wp\/v2\/posts\/147980\/revisions\/147982"}],"wp:featuredmedia":[{"embeddable":true,"href":"https:\/\/diariodamanhapelotas.com.br\/site\/wp-json\/wp\/v2\/media\/147981"}],"wp:attachment":[{"href":"https:\/\/diariodamanhapelotas.com.br\/site\/wp-json\/wp\/v2\/media?parent=147980"}],"wp:term":[{"taxonomy":"category","embeddable":true,"href":"https:\/\/diariodamanhapelotas.com.br\/site\/wp-json\/wp\/v2\/categories?post=147980"},{"taxonomy":"post_tag","embeddable":true,"href":"https:\/\/diariodamanhapelotas.com.br\/site\/wp-json\/wp\/v2\/tags?post=147980"}],"curies":[{"name":"wp","href":"https:\/\/api.w.org\/{rel}","templated":true}]}}