{"id":147993,"date":"2025-10-06T15:03:56","date_gmt":"2025-10-06T18:03:56","guid":{"rendered":"https:\/\/diariodamanhapelotas.com.br\/site\/?p=147993"},"modified":"2025-10-06T15:03:56","modified_gmt":"2025-10-06T18:03:56","slug":"pelotas-e-contemplada-com-r54-milhoes-no-pac-mobilidade-urbana","status":"publish","type":"post","link":"https:\/\/diariodamanhapelotas.com.br\/site\/pelotas-e-contemplada-com-r54-milhoes-no-pac-mobilidade-urbana\/","title":{"rendered":"Pelotas \u00e9 contemplada com R$54 milh\u00f5es no PAC mobilidade urbana"},"content":{"rendered":"<h3 style=\"text-align: center;\"><em>Projeto prev\u00ea a requalifica\u00e7\u00e3o e amplia\u00e7\u00e3o das avenidas Theodoro Muller e Manoel Ant\u00f4nio Peres<\/em><\/h3>\n<p>Pelotas foi contemplada com um montante de R$54 milh\u00f5es para a requalifica\u00e7\u00e3o e amplia\u00e7\u00e3o da capacidade de tr\u00e1fego das avenidas Theodoro Muller, no bairro Guabiroba, e a avenida Manoel Ant\u00f4nio Peres, no Obelisco. Na ter\u00e7a-feira (30), o projeto foi pr\u00e9-selecionado no Programa de Acelera\u00e7\u00e3o do Crescimento (PAC) do Governo Federal, na linha do Avan\u00e7ar Cidades &#8211; Mobilidade Urbana.<\/p>\n<p>O chefe do Executivo, Fernando Marroni, apontou a relev\u00e2ncia desse investimento para Pelotas. &#8220;Estamos muito felizes com a conquista, \u00e9 um passo importante para melhorar nossas ruas, enfrentando a quest\u00e3o dos buracos em nossa cidade e garantir vias mais seguras e funcionais, dando mais condi\u00e7\u00f5es para o transporte p\u00fablico, ciclistas e pedestres. Esse \u00e9 s\u00f3 o come\u00e7o de uma transforma\u00e7\u00e3o que coloca as pessoas no centro das decis\u00f5es e valoriza o direito de todos a se deslocarem com dignidade\u201d, afirmou.<\/p>\n<p>O empreendimento tem como foco a requalifica\u00e7\u00e3o do deslocamento dos sentidos leste e oeste, buscando um avan\u00e7o na estrutura\u00e7\u00e3o interbairros. Na avenida Theodoro Muller, a proposta situa uma interven\u00e7\u00e3o em uma extens\u00e3o de 1.800 metros, no trecho entre as avenidas Jo\u00e3o Goulart e a Pinheiro Machado, prevendo o alargamento da pista, implementa\u00e7\u00e3o de faixas exclusivas para transporte p\u00fablico e uma ciclovia, garantindo mais seguran\u00e7a e fluidez no tr\u00e1fego. Tamb\u00e9m busca a institui\u00e7\u00e3o de sinaliza\u00e7\u00e3o completa, incluindo sem\u00e1foros, ilumina\u00e7\u00e3o, videomonitoramento eletr\u00f4nico, drenagem com conceito de infraestrutura verde, revitaliza\u00e7\u00e3o de canteiros atrav\u00e9s da adi\u00e7\u00e3o de gramados e planta\u00e7\u00e3o de \u00e1rvores, al\u00e9m da instala\u00e7\u00e3o de bancos, academia ao ar livre e playground.<\/p>\n<p>Em rela\u00e7\u00e3o a zona leste, o projeto da avenida Manoel Ant\u00f4nio Peres ser\u00e1 entre as avenidas Domingos de Almeida e a Ildefonso Sim\u00f5es Lopes, se estendendo em 2.900 metros. Nesta \u00e1rea, a interven\u00e7\u00e3o busca a duplica\u00e7\u00e3o da via, alargamento da pista, faixas exclusivas para transporte p\u00fablico e uma ciclofaixa, incluindo a implanta\u00e7\u00e3o de rede de esgoto, rede de drenagem pluvial, refor\u00e7o do pavimento, pavimenta\u00e7\u00e3o em asfalto, sinaliza\u00e7\u00e3o e revitaliza\u00e7\u00e3o de canteiros.<img loading=\"lazy\" class=\" wp-image-147994 alignleft\" src=\"https:\/\/diariodamanhapelotas.com.br\/site\/wp-content\/uploads\/2025\/10\/ronir-garcia.jpg\" alt=\"\" width=\"144\" height=\"218\" srcset=\"https:\/\/diariodamanhapelotas.com.br\/site\/wp-content\/uploads\/2025\/10\/ronir-garcia.jpg 397w, https:\/\/diariodamanhapelotas.com.br\/site\/wp-content\/uploads\/2025\/10\/ronir-garcia-199x300.jpg 199w, https:\/\/diariodamanhapelotas.com.br\/site\/wp-content\/uploads\/2025\/10\/ronir-garcia-99x150.jpg 99w\" sizes=\"(max-width: 144px) 100vw, 144px\" \/><\/p>\n<p>A comunidade demonstra satisfa\u00e7\u00e3o com as requalifica\u00e7\u00f5es urbanas previstas no projeto, tanto os comerciantes quanto os moradores. \u201cVai melhorar tanto para os neg\u00f3cios quanto para o fluxo de pessoas e ve\u00edculos. Com os novos apartamentos se tem um fluxo muito maior de carros, a duplica\u00e7\u00e3o vai melhorar a mobilidade\u201d, afirma Ronir Garcia (foto \u00e0 esq.), dono de uma ferragem na avenida Theodoro Muller. M\u00e1rio Ren\u00ea, mais conhecido como Marinho (foto \u00e0 dir.), trabalha na regi\u00e3o desde 1998 e declarou estar bastante satisfeito com o empreendimento. \u201cA gente t\u00e1 euf\u00f3rico, como o movimento da avenida est\u00e1 muito grande, essas reformas v\u00e3o trazer mais seguran\u00e7a\u201d, disse. <img loading=\"lazy\" class=\" wp-image-147995 alignright\" src=\"https:\/\/diariodamanhapelotas.com.br\/site\/wp-content\/uploads\/2025\/10\/mario-rene-marinho.jpg\" alt=\"\" width=\"189\" height=\"192\" srcset=\"https:\/\/diariodamanhapelotas.com.br\/site\/wp-content\/uploads\/2025\/10\/mario-rene-marinho.jpg 591w, https:\/\/diariodamanhapelotas.com.br\/site\/wp-content\/uploads\/2025\/10\/mario-rene-marinho-296x300.jpg 296w, https:\/\/diariodamanhapelotas.com.br\/site\/wp-content\/uploads\/2025\/10\/mario-rene-marinho-148x150.jpg 148w\" sizes=\"(max-width: 189px) 100vw, 189px\" \/><\/p>\n<p>A execu\u00e7\u00e3o do empreendimento prev\u00ea um prazo de 12 meses e refor\u00e7a o compromisso da Prefeitura com o Plano de Mobilidade Urbana de Pelotas, trabalhando para garantir um transporte eficiente, seguro e acess\u00edvel para os cidad\u00e3os. A a\u00e7\u00e3o ser\u00e1 um passo importante para a redu\u00e7\u00e3o dos congestionamentos, melhoria da fluidez do tr\u00e1fego, promo\u00e7\u00e3o do transporte p\u00fablico e modos de transporte alternativos, como ciclismo e caminhada, al\u00e9m de impulsionar a seguran\u00e7a vi\u00e1ria, com tudo isso ocorrendo por meio de um desenvolvimento urbano sustent\u00e1vel.<\/p>\n<h4 style=\"text-align: center;\"><strong>Etapas<\/strong><\/h4>\n<p>Ap\u00f3s a pr\u00e9-sele\u00e7\u00e3o ser\u00e1 apresentado o projeto b\u00e1sico de empreendimento para an\u00e1lise de risco e de engenharia, seguindo para a valida\u00e7\u00e3o de agentes financeiros. Ap\u00f3s a valida\u00e7\u00e3o das propostas, a portaria ser\u00e1 publicada no Di\u00e1rio Oficial da Uni\u00e3o.<\/p>\n<p>Fotos: Volmer Perez<\/p>\n","protected":false},"excerpt":{"rendered":"<p>Projeto prev\u00ea a requalifica\u00e7\u00e3o e amplia\u00e7\u00e3o das avenidas Theodoro Muller e Manoel Ant\u00f4nio Peres Pelotas foi contemplada com um montante de R$54 milh\u00f5es para a requalifica\u00e7\u00e3o e amplia\u00e7\u00e3o da capacidade<\/p>\n","protected":false},"author":3,"featured_media":147996,"comment_status":"closed","ping_status":"closed","sticky":false,"template":"","format":"standard","meta":[],"categories":[305,149],"tags":[],"_links":{"self":[{"href":"https:\/\/diariodamanhapelotas.com.br\/site\/wp-json\/wp\/v2\/posts\/147993"}],"collection":[{"href":"https:\/\/diariodamanhapelotas.com.br\/site\/wp-json\/wp\/v2\/posts"}],"about":[{"href":"https:\/\/diariodamanhapelotas.com.br\/site\/wp-json\/wp\/v2\/types\/post"}],"author":[{"embeddable":true,"href":"https:\/\/diariodamanhapelotas.com.br\/site\/wp-json\/wp\/v2\/users\/3"}],"replies":[{"embeddable":true,"href":"https:\/\/diariodamanhapelotas.com.br\/site\/wp-json\/wp\/v2\/comments?post=147993"}],"version-history":[{"count":1,"href":"https:\/\/diariodamanhapelotas.com.br\/site\/wp-json\/wp\/v2\/posts\/147993\/revisions"}],"predecessor-version":[{"id":147997,"href":"https:\/\/diariodamanhapelotas.com.br\/site\/wp-json\/wp\/v2\/posts\/147993\/revisions\/147997"}],"wp:featuredmedia":[{"embeddable":true,"href":"https:\/\/diariodamanhapelotas.com.br\/site\/wp-json\/wp\/v2\/media\/147996"}],"wp:attachment":[{"href":"https:\/\/diariodamanhapelotas.com.br\/site\/wp-json\/wp\/v2\/media?parent=147993"}],"wp:term":[{"taxonomy":"category","embeddable":true,"href":"https:\/\/diariodamanhapelotas.com.br\/site\/wp-json\/wp\/v2\/categories?post=147993"},{"taxonomy":"post_tag","embeddable":true,"href":"https:\/\/diariodamanhapelotas.com.br\/site\/wp-json\/wp\/v2\/tags?post=147993"}],"curies":[{"name":"wp","href":"https:\/\/api.w.org\/{rel}","templated":true}]}}