{"id":148005,"date":"2025-10-06T16:13:24","date_gmt":"2025-10-06T19:13:24","guid":{"rendered":"https:\/\/diariodamanhapelotas.com.br\/site\/?p=148005"},"modified":"2025-10-06T16:13:24","modified_gmt":"2025-10-06T19:13:24","slug":"cdl-pelotas-mobiliza-comercio-para-arrecadacao-de-brinquedos-e-materiais-escolares-em-campanha-de-dia-das-criancas","status":"publish","type":"post","link":"https:\/\/diariodamanhapelotas.com.br\/site\/cdl-pelotas-mobiliza-comercio-para-arrecadacao-de-brinquedos-e-materiais-escolares-em-campanha-de-dia-das-criancas\/","title":{"rendered":"CDL Pelotas mobiliza com\u00e9rcio para arrecada\u00e7\u00e3o de brinquedos e materiais escolares em campanha de Dia das Crian\u00e7as"},"content":{"rendered":"<h3 style=\"text-align: center;\"><em>Associados da entidade poder\u00e3o aderir \u00e0 iniciativa atrav\u00e9s da tradicional a\u00e7\u00e3o da #PelotasEuComproAqui<\/em><\/h3>\n<p><img loading=\"lazy\" class=\" wp-image-148007 alignright\" src=\"https:\/\/diariodamanhapelotas.com.br\/site\/wp-content\/uploads\/2025\/10\/cartaz-cdl-dia-das-criancas.jpg\" alt=\"\" width=\"433\" height=\"541\" srcset=\"https:\/\/diariodamanhapelotas.com.br\/site\/wp-content\/uploads\/2025\/10\/cartaz-cdl-dia-das-criancas.jpg 480w, https:\/\/diariodamanhapelotas.com.br\/site\/wp-content\/uploads\/2025\/10\/cartaz-cdl-dia-das-criancas-240x300.jpg 240w, https:\/\/diariodamanhapelotas.com.br\/site\/wp-content\/uploads\/2025\/10\/cartaz-cdl-dia-das-criancas-120x150.jpg 120w\" sizes=\"(max-width: 433px) 100vw, 433px\" \/>A C\u00e2mara de Dirigentes Lojistas de Pelotas (CDL) est\u00e1 lan\u00e7ando a campanha \u201cDia das Crian\u00e7as &#8211; Sempre \u00e9 tempo de fazer o bem!\u201d, com um convite especial aos lojistas associados: participar da a\u00e7\u00e3o, ser\u00e1, ao mesmo tempo, uma forma de contribuir socialmente e de movimentar as vendas na data. As empresas associadas \u00e0 entidade que aderirem \u00e0 a\u00e7\u00e3o, receber\u00e3o um adesivo de identifica\u00e7\u00e3o que dever\u00e1 ser colocado nas vitrines.<\/p>\n<p>Al\u00e9m de incentivar a arrecada\u00e7\u00e3o de brinquedos e materiais escolares destinados a crian\u00e7as em situa\u00e7\u00e3o de vulnerabilidade, a iniciativa tamb\u00e9m fomenta o movimento da #PelotasEuComproAqui, campanha tradicional da entidade que busca refor\u00e7ar a import\u00e2ncia de a popula\u00e7\u00e3o pelotense apoiar as empresas locais.<\/p>\n<p>\u201cUm dos nossos maiores compromissos \u00e9 trazer iniciativas que fortale\u00e7am o com\u00e9rcio de Pelotas e valorizem quem faz parte dele. Nosso setor comercial \u00e9 rico em variedade e qualidade, e, como entidade, entendemos que aproximar os clientes de lojas que apoiam boas causas \u00e9 uma forma importante de refor\u00e7ar a relev\u00e2ncia de comprar aqui, na nossa cidade\u201d, destaca Daniel Centeno, conselheiro gestor da CDL Pelotas.<\/p>\n<p>Ap\u00f3s o fim da a\u00e7\u00e3o, todos os materiais e brinquedos arrecadados ser\u00e3o destinados a projetos sociais e institui\u00e7\u00f5es voltadas para crian\u00e7as em situa\u00e7\u00e3o de vulnerabilidade na cidade. \u201cCada doa\u00e7\u00e3o feita ter\u00e1 um impacto direto na vida de quem mais precisa, refor\u00e7ando o compromisso que devemos ter com a solidariedade e com o bem-estar da comunidade\u201d, refor\u00e7a Centeno.<\/p>\n<p>A participa\u00e7\u00e3o da iniciativa poder\u00e1 ser solicitada atrav\u00e9s do n\u00famero: (53) 3199-8702, at\u00e9 o dia 09 de outubro.<\/p>\n<h4 style=\"text-align: center;\">Confira a lista de lojas que j\u00e1 aderiram \u00e0 campanha:<\/h4>\n<p>Cisplatur Viagens e Turismo &#8211;\u00a0 R. Andrade Neves, 2422 \u2013 Centro<\/p>\n<p>Hidrosul &#8211; Av. Ferreira Viana, 2740 \u2013 Areal<\/p>\n<p>Renault Nissul Gala Pelotas &#8211; Av. Dr. Augusto Sim\u00f5es Lopes, 6 &#8211; Tr\u00eas Vendas<\/p>\n<p>Do\u00e7aria Monalu &#8211; R. Alm. Barroso, 2510 &#8211; Centro<\/p>\n<p>Decolores \u2013 Shopping Pelotas &#8211; Av Ferreira Viana, 1526 \u2013 Areal<\/p>\n<p>Decolores &#8211; Rua Andrade Neves, 1932 \u2013 Centro<\/p>\n<p>Aquarela Tintas \u2013 Av. Duque de Caxias, 685 \u2013 Fragata<\/p>\n<p>Aquarela Tintas \u2013 Av. Adolfo Fetter, 1344 \u2013 Laranjal<\/p>\n<p>Aquarela Tintas \u2013 Av. Imperador Dom Pedro I, 2208 \u2013 Fragata<\/p>\n<p>Aquarela Tintas \u2013 Av. Domingos de Almeida, 677 \u2013 Areal<\/p>\n<p>Aquarela Tintas \u2013 R. General Os\u00f3rio, 1259 \u2013 Centro<\/p>\n<p>Aquarela Tintas \u2013 Avenida Fernando Os\u00f3rio 325 \u2013 Centro<\/p>\n<p>Max Material el\u00e9trico &#8211; R. Santos Dumont, 543 &#8211; Centro<\/p>\n<p>Irm\u00e3os Jouglard &#8211; Rua Marc\u00edlio Dias, 2579 &#8211; Centro<\/p>\n<p>Minski Nunes &#8211; Rua Marechal Floriano, 71, R. 7 de Setembro, 310 &#8211; Centro<\/p>\n<p>Botic\u00e1rio \u2013 Rua Andrade Neves, 2029 \u2013 Centro<\/p>\n<p>Botic\u00e1rio \u2013 Rua Andrade Neves, 1807 \u2013 Centro<\/p>\n<p>Botic\u00e1rio &#8211; Av. Senador Salgado Filho, 936 &#8211; Tr\u00eas Vendas<\/p>\n<p>Botic\u00e1rio &#8211; Av. Fernando Os\u00f3rio, 4842 &#8211; Tr\u00eas Vendas<\/p>\n<p>Botic\u00e1rio \u2013 Av. Domingos de Almeida, 253 \u2013 Areal<\/p>\n<p>Botic\u00e1rio \u2013 Largo de Portugal, 1155 \u2013 Centro<\/p>\n<p>Botic\u00e1rio &#8211; Shopping Pelotas &#8211; Av Ferreira Viana, 1526 \u2013 Areal<\/p>\n<p>Atacado Globo \u2013 Rua Marechal Deodoro, 663 \u2013 Centro<\/p>\n<p>Atacado Globo \u2013 Pra\u00e7a Sete de Julho, 139 \u2013 Centro<\/p>\n<p>Atacado Globo \u2013 Rua General Os\u00f3rio, 679 \u2013 Centro<\/p>\n<p>Imobili\u00e1ria Bag\u00e9 &#8211; Rua Gon\u00e7alves Chaves, 660, Centro<\/p>\n<p>Loja Semear \u2013 Avenida Senador Salgado Filho, 202 \u2013 Tr\u00eas Vendas<\/p>\n<p>Uvel &#8211; Av. Fernando Os\u00f3rio, 1373 &#8211; Tr\u00eas Vendas<\/p>\n<p>Shanadu &#8211; R. Marechal Floriano, 101 \u2013 Centro<\/p>\n","protected":false},"excerpt":{"rendered":"<p>Associados da entidade poder\u00e3o aderir \u00e0 iniciativa atrav\u00e9s da tradicional a\u00e7\u00e3o da #PelotasEuComproAqui A C\u00e2mara de Dirigentes Lojistas de Pelotas (CDL) est\u00e1 lan\u00e7ando a campanha \u201cDia das Crian\u00e7as &#8211; Sempre<\/p>\n","protected":false},"author":3,"featured_media":148011,"comment_status":"closed","ping_status":"closed","sticky":false,"template":"","format":"standard","meta":[],"categories":[305,149],"tags":[],"_links":{"self":[{"href":"https:\/\/diariodamanhapelotas.com.br\/site\/wp-json\/wp\/v2\/posts\/148005"}],"collection":[{"href":"https:\/\/diariodamanhapelotas.com.br\/site\/wp-json\/wp\/v2\/posts"}],"about":[{"href":"https:\/\/diariodamanhapelotas.com.br\/site\/wp-json\/wp\/v2\/types\/post"}],"author":[{"embeddable":true,"href":"https:\/\/diariodamanhapelotas.com.br\/site\/wp-json\/wp\/v2\/users\/3"}],"replies":[{"embeddable":true,"href":"https:\/\/diariodamanhapelotas.com.br\/site\/wp-json\/wp\/v2\/comments?post=148005"}],"version-history":[{"count":1,"href":"https:\/\/diariodamanhapelotas.com.br\/site\/wp-json\/wp\/v2\/posts\/148005\/revisions"}],"predecessor-version":[{"id":148012,"href":"https:\/\/diariodamanhapelotas.com.br\/site\/wp-json\/wp\/v2\/posts\/148005\/revisions\/148012"}],"wp:featuredmedia":[{"embeddable":true,"href":"https:\/\/diariodamanhapelotas.com.br\/site\/wp-json\/wp\/v2\/media\/148011"}],"wp:attachment":[{"href":"https:\/\/diariodamanhapelotas.com.br\/site\/wp-json\/wp\/v2\/media?parent=148005"}],"wp:term":[{"taxonomy":"category","embeddable":true,"href":"https:\/\/diariodamanhapelotas.com.br\/site\/wp-json\/wp\/v2\/categories?post=148005"},{"taxonomy":"post_tag","embeddable":true,"href":"https:\/\/diariodamanhapelotas.com.br\/site\/wp-json\/wp\/v2\/tags?post=148005"}],"curies":[{"name":"wp","href":"https:\/\/api.w.org\/{rel}","templated":true}]}}