{"id":148013,"date":"2025-10-06T19:13:19","date_gmt":"2025-10-06T22:13:19","guid":{"rendered":"https:\/\/diariodamanhapelotas.com.br\/site\/?p=148013"},"modified":"2025-10-06T19:13:19","modified_gmt":"2025-10-06T22:13:19","slug":"policia-civil-deflagra-operacao-no-combate-a-circulacao-bebidas-alcoolicas-adulteradas","status":"publish","type":"post","link":"https:\/\/diariodamanhapelotas.com.br\/site\/policia-civil-deflagra-operacao-no-combate-a-circulacao-bebidas-alcoolicas-adulteradas\/","title":{"rendered":"Pol\u00edcia Civil deflagra opera\u00e7\u00e3o no combate \u00e0 circula\u00e7\u00e3o bebidas alco\u00f3licas adulteradas"},"content":{"rendered":"<h3 style=\"text-align: center;\"><em>O objetivo da a\u00e7\u00e3o \u00e9 de identificar, apreender e retirar de circula\u00e7\u00e3o bebidas alco\u00f3licas adulteradas<\/em><\/h3>\n<p>A Pol\u00edcia Civil do Estado do Rio Grande do Sul, por interm\u00e9dio da Delegacia de Pol\u00edcia de Prote\u00e7\u00e3o aos Direitos do Consumidor, Sa\u00fade P\u00fablica e da Propriedade Intelectual, Imaterial e Afins (Decon\/Deic), deflagrou nesse final de semana,\u00a0 dias 04 (s\u00e1bado) e 05 de outubro de 2025 (domingo), a Opera\u00e7\u00e3o Dose Letal.<\/p>\n<p>O objetivo da a\u00e7\u00e3o \u00e9 de identificar, apreender e retirar de circula\u00e7\u00e3o bebidas alco\u00f3licas adulteradas (poss\u00edvel uso de metanol, subst\u00e2ncia altamente t\u00f3xica e potencialmente fatal mesmo em pequenas quantidades).<\/p>\n<div id=\"attachment_148014\" style=\"width: 310px\" class=\"wp-caption alignright\"><img aria-describedby=\"caption-attachment-148014\" loading=\"lazy\" class=\"wp-image-148014\" src=\"https:\/\/diariodamanhapelotas.com.br\/site\/wp-content\/uploads\/2025\/10\/policiacivil-225x300.jpg\" alt=\"\" width=\"300\" height=\"400\" srcset=\"https:\/\/diariodamanhapelotas.com.br\/site\/wp-content\/uploads\/2025\/10\/policiacivil-225x300.jpg 225w, https:\/\/diariodamanhapelotas.com.br\/site\/wp-content\/uploads\/2025\/10\/policiacivil-113x150.jpg 113w, https:\/\/diariodamanhapelotas.com.br\/site\/wp-content\/uploads\/2025\/10\/policiacivil.jpg 450w\" sizes=\"(max-width: 300px) 100vw, 300px\" \/><p id=\"caption-attachment-148014\" class=\"wp-caption-text\">135 bebidas foram apreendidas, al\u00e9m de cigarros eletr\u00f4nicos.<\/p><\/div>\n<p>A ofensiva buscou a preserva\u00e7\u00e3o da sa\u00fade p\u00fablica, realizando fiscaliza\u00e7\u00f5es em locais de distribui\u00e7\u00e3o de bebidas alco\u00f3licas com foco em bebidas sem proced\u00eancia, pre\u00e7os incompat\u00edveis com o mercado e suspeita de falsifica\u00e7\u00e3o de r\u00f3tulos e lacres.<\/p>\n<p>Durante as dilig\u00eancias realizadas em Porto Alegre, foram apreendidas 221 bebidas, al\u00e9m de cigarros eletr\u00f4nicos.<\/p>\n<p>Em caso de suspeita, n\u00e3o consuma o produto e comunique imediatamente \u00e0s autoridades.<\/p>\n<p>\u201cO uso de metanol em bebidas \u00e9 uma pr\u00e1tica criminosa e representa um risco real \u00e0 vida. Nosso papel \u00e9 garantir que o consumidor tenha seguran\u00e7a no que consome e que os respons\u00e1veis sejam responsabilizados com o rigor da lei\u201d, destaca a delegada Milena Simioli, titular da Decon\/Deic.<\/p>\n<p>A Opera\u00e7\u00e3o Dose Letal tem car\u00e1ter permanente, com a\u00e7\u00f5es intensificadas em raz\u00e3o dos casos relatados no Brasil. Al\u00e9m de repressiva, tem car\u00e1ter preventivo e educativo, orientando comerciantes e a popula\u00e7\u00e3o sobre os riscos do consumo de bebidas de origem duvidosa e incentivando a den\u00fancia de pr\u00e1ticas suspeitas.<\/p>\n<p>A popula\u00e7\u00e3o pode colaborar com as investiga\u00e7\u00f5es por meio dos canais de den\u00fancia da Pol\u00edcia Civil, do Procon e da Vigil\u00e2ncia Sanit\u00e1ria. Todas as informa\u00e7\u00f5es s\u00e3o tratadas de forma sigilosa.<\/p>\n<h4 style=\"text-align: center;\"><strong>ORIENTA\u00c7\u00d5ES \u00c0 POPULA\u00c7\u00c3O:<\/strong><\/h4>\n<ul>\n<li style=\"text-align: left;\">Compre bebidas apenas de fontes confi\u00e1veis e estabelecimentos regulares.<\/li>\n<li style=\"text-align: left;\">Verifique lacres, r\u00f3tulos, selos fiscais e notas fiscais.<\/li>\n<li style=\"text-align: left;\">Desconfie de pre\u00e7o muito abaixo do mercado ou bebidas com r\u00f3tulos irregulares.<\/li>\n<li style=\"text-align: left;\">Em caso de suspeita, n\u00e3o consuma o produto e comunique imediatamente \u00e0s autoridades.<\/li>\n<\/ul>\n<p>Den\u00fancias: 0800 510 28 28<\/p>\n","protected":false},"excerpt":{"rendered":"<p>O objetivo da a\u00e7\u00e3o \u00e9 de identificar, apreender e retirar de circula\u00e7\u00e3o bebidas alco\u00f3licas adulteradas A Pol\u00edcia Civil do Estado do Rio Grande do Sul, por interm\u00e9dio da Delegacia de<\/p>\n","protected":false},"author":34,"featured_media":148014,"comment_status":"closed","ping_status":"closed","sticky":false,"template":"","format":"standard","meta":[],"categories":[305,33],"tags":[],"_links":{"self":[{"href":"https:\/\/diariodamanhapelotas.com.br\/site\/wp-json\/wp\/v2\/posts\/148013"}],"collection":[{"href":"https:\/\/diariodamanhapelotas.com.br\/site\/wp-json\/wp\/v2\/posts"}],"about":[{"href":"https:\/\/diariodamanhapelotas.com.br\/site\/wp-json\/wp\/v2\/types\/post"}],"author":[{"embeddable":true,"href":"https:\/\/diariodamanhapelotas.com.br\/site\/wp-json\/wp\/v2\/users\/34"}],"replies":[{"embeddable":true,"href":"https:\/\/diariodamanhapelotas.com.br\/site\/wp-json\/wp\/v2\/comments?post=148013"}],"version-history":[{"count":2,"href":"https:\/\/diariodamanhapelotas.com.br\/site\/wp-json\/wp\/v2\/posts\/148013\/revisions"}],"predecessor-version":[{"id":148016,"href":"https:\/\/diariodamanhapelotas.com.br\/site\/wp-json\/wp\/v2\/posts\/148013\/revisions\/148016"}],"wp:featuredmedia":[{"embeddable":true,"href":"https:\/\/diariodamanhapelotas.com.br\/site\/wp-json\/wp\/v2\/media\/148014"}],"wp:attachment":[{"href":"https:\/\/diariodamanhapelotas.com.br\/site\/wp-json\/wp\/v2\/media?parent=148013"}],"wp:term":[{"taxonomy":"category","embeddable":true,"href":"https:\/\/diariodamanhapelotas.com.br\/site\/wp-json\/wp\/v2\/categories?post=148013"},{"taxonomy":"post_tag","embeddable":true,"href":"https:\/\/diariodamanhapelotas.com.br\/site\/wp-json\/wp\/v2\/tags?post=148013"}],"curies":[{"name":"wp","href":"https:\/\/api.w.org\/{rel}","templated":true}]}}