{"id":148017,"date":"2025-10-07T08:20:11","date_gmt":"2025-10-07T11:20:11","guid":{"rendered":"https:\/\/diariodamanhapelotas.com.br\/site\/?p=148017"},"modified":"2025-10-07T08:20:11","modified_gmt":"2025-10-07T11:20:11","slug":"dia-do-compositor-brasileiro-quando-o-silencio-aprendeu-a-cantar","status":"publish","type":"post","link":"https:\/\/diariodamanhapelotas.com.br\/site\/dia-do-compositor-brasileiro-quando-o-silencio-aprendeu-a-cantar\/","title":{"rendered":"Dia do Compositor Brasileiro, quando o sil\u00eancio aprendeu a cantar"},"content":{"rendered":"<h3 style=\"text-align: center;\"><em>Tente imaginar um mundo sem compositores<\/em><\/h3>\n<p style=\"text-align: center;\"><em><strong>Marcelo Gonzales*<\/strong><\/em><\/p>\n<p style=\"text-align: center;\"><em><strong>@celogonzales @vidadevinil<\/strong><\/em><\/p>\n<p>Antes que existissem os discos, os palcos e as vozes, havia o sil\u00eancio.<\/p>\n<p>Um sil\u00eancio que parecia absoluto, at\u00e9 que algu\u00e9m, talvez movido por amor, dor ou esperan\u00e7a, decidiu transform\u00e1-lo em can\u00e7\u00e3o. E foi assim que nasceram os compositores, esses artes\u00e3os da emo\u00e7\u00e3o, que moldam o som da vida em versos e acordes.<\/p>\n<p>Em 1948, Herivelto Martins, homem de r\u00e1dio, de bastidores e de poesia, teve o lampejo de criar um dia para celebrar esses criadores an\u00f4nimos, aqueles que oferecem voz ao sentimento de um povo inteiro. Assim nasceu o Dia do Compositor Brasileiro, celebrado em 7 de outubro, um gesto simb\u00f3lico de reconhecimento e amor \u00e0 arte de compor.<\/p>\n<p>Talvez Herivelto, habituado a ver os int\u00e9rpretes brilharem sob os refletores, tenha sentido que o compositor era como o cora\u00e7\u00e3o que pulsa no escuro, essencial, mas invis\u00edvel. E decidiu, ent\u00e3o, dar-lhe um dia de luz.<\/p>\n<p>Entre os anos 50 e 80, o Brasil viveu uma era de ouro, e nela, o compositor foi rei.<\/p>\n<p>Os vinis giravam como planetas em torno das vozes de Tom Jobim, Vinicius de Moraes, Dolores Duran, Lupic\u00ednio Rodrigues, Cartola, Chico Buarque, Gonzaguinha, Caetano, Gil, Beth\u00e2nia, Djavan, Roberto e Erasmo Carlos.<\/p>\n<p>Cada can\u00e7\u00e3o era uma janela aberta para o pa\u00eds, revelando dores, paix\u00f5es e utopias.<\/p>\n<p>Era o tempo em que o compositor assinava a alma da na\u00e7\u00e3o.<\/p>\n<p>E no rastro desse tempo, surgiram outros alquimistas da melodia, a exemplo de Raul Seixas, que comp\u00f4s como quem filosofava, misturando rock e metaf\u00edsica, e tamb\u00e9m Rita Lee com Roberto de Carvalho, casal que transformou a can\u00e7\u00e3o em manifesto, liberdade, ironia e amor embalados em refr\u00f5es que ainda hoje ecoam com juventude.<\/p>\n<p>Raul ensinou que pensar \u00e9 transgredir; Rita mostrou que amar \u00e9 resistir. E ambos provaram que compor \u00e9, acima de tudo, existir em alto volume.<\/p>\n<p>Nas d\u00e9cadas seguintes, o cen\u00e1rio se ampliou, Jos\u00e9 Augusto e Paulo S\u00e9rgio Valle criaram \u201cEvid\u00eancias\u201d, eternizada por Chit\u00e3ozinho &amp; Xoror\u00f3, uma can\u00e7\u00e3o que atravessou gera\u00e7\u00f5es e se tornou quase um hino popular.<\/p>\n<p>Cada karaok\u00ea cheio \u00e9 uma celebra\u00e7\u00e3o inconsciente do of\u00edcio do compositor com an\u00f4nimos que fazem o mundo cantar junto, sem saber quem escreveu a emo\u00e7\u00e3o que sai de suas bocas.<\/p>\n<p>Hoje, nomes como Nando Reis, Arnaldo Antunes, Marisa Monte e Tim Bernardes (entre outros que n\u00e3o caberiam no artigo) continuam o legado, provando que, enquanto houver quem escreva uma can\u00e7\u00e3o, haver\u00e1 quem sinta, quem chore, quem viva.<\/p>\n<p>E se o mundo ficasse mudo?<\/p>\n<p>Tente imaginar um mundo sem compositores.<\/p>\n<p>N\u00e3o haveria trilhas para os amores, nem can\u00e7\u00f5es para as despedidas. As festas seriam ru\u00eddo, as ruas, cinzentas.<\/p>\n<p>A m\u00fasica \u00e9 o que d\u00e1 cor ao tempo. E o compositor, o pintor invis\u00edvel dessa aquarela sonora.<\/p>\n<p>Sem eles, o mundo seria mudo.<\/p>\n<p>A vida n\u00e3o teria refr\u00e3o.<\/p>\n<p>E o sil\u00eancio voltaria a reinar, triste e sem poesia.<\/p>\n<p>Hoje, celebramos os que fazem o sil\u00eancio cantar.<\/p>\n<p>Os que escrevem o que sentimos antes mesmo que saibamos sentir.<\/p>\n<p>Os que transformam o cotidiano em arte e o amor em som.<\/p>\n<p>Feliz Dia do Compositor Brasileiro.<\/p>\n<p>Que nunca faltem can\u00e7\u00f5es, nem quem as escreva.<\/p>\n<p style=\"text-align: right;\"><em>*Marcelo Gonzales \u00e9 autor do blog Que Dia \u00e9 Hoje?, vive entre discos de vinil e muita m\u00eddia f\u00edsica, sempre atento \u00e0 m\u00fasica, \u00e0 cultura e ao jornalismo, compartilhando hist\u00f3rias que conectam gera\u00e7\u00f5es.<\/em><\/p>\n","protected":false},"excerpt":{"rendered":"<p>Tente imaginar um mundo sem compositores Marcelo Gonzales* @celogonzales @vidadevinil Antes que existissem os discos, os palcos e as vozes, havia o sil\u00eancio. Um sil\u00eancio que parecia absoluto, at\u00e9 que<\/p>\n","protected":false},"author":3,"featured_media":148018,"comment_status":"closed","ping_status":"closed","sticky":false,"template":"","format":"standard","meta":[],"categories":[305,32],"tags":[],"_links":{"self":[{"href":"https:\/\/diariodamanhapelotas.com.br\/site\/wp-json\/wp\/v2\/posts\/148017"}],"collection":[{"href":"https:\/\/diariodamanhapelotas.com.br\/site\/wp-json\/wp\/v2\/posts"}],"about":[{"href":"https:\/\/diariodamanhapelotas.com.br\/site\/wp-json\/wp\/v2\/types\/post"}],"author":[{"embeddable":true,"href":"https:\/\/diariodamanhapelotas.com.br\/site\/wp-json\/wp\/v2\/users\/3"}],"replies":[{"embeddable":true,"href":"https:\/\/diariodamanhapelotas.com.br\/site\/wp-json\/wp\/v2\/comments?post=148017"}],"version-history":[{"count":1,"href":"https:\/\/diariodamanhapelotas.com.br\/site\/wp-json\/wp\/v2\/posts\/148017\/revisions"}],"predecessor-version":[{"id":148019,"href":"https:\/\/diariodamanhapelotas.com.br\/site\/wp-json\/wp\/v2\/posts\/148017\/revisions\/148019"}],"wp:featuredmedia":[{"embeddable":true,"href":"https:\/\/diariodamanhapelotas.com.br\/site\/wp-json\/wp\/v2\/media\/148018"}],"wp:attachment":[{"href":"https:\/\/diariodamanhapelotas.com.br\/site\/wp-json\/wp\/v2\/media?parent=148017"}],"wp:term":[{"taxonomy":"category","embeddable":true,"href":"https:\/\/diariodamanhapelotas.com.br\/site\/wp-json\/wp\/v2\/categories?post=148017"},{"taxonomy":"post_tag","embeddable":true,"href":"https:\/\/diariodamanhapelotas.com.br\/site\/wp-json\/wp\/v2\/tags?post=148017"}],"curies":[{"name":"wp","href":"https:\/\/api.w.org\/{rel}","templated":true}]}}