{"id":148023,"date":"2025-10-07T08:52:46","date_gmt":"2025-10-07T11:52:46","guid":{"rendered":"https:\/\/diariodamanhapelotas.com.br\/site\/?p=148023"},"modified":"2025-10-07T08:52:46","modified_gmt":"2025-10-07T11:52:46","slug":"inscricoes-para-a-rede-publica-de-ensino-em-2026-estao-abertas","status":"publish","type":"post","link":"https:\/\/diariodamanhapelotas.com.br\/site\/inscricoes-para-a-rede-publica-de-ensino-em-2026-estao-abertas\/","title":{"rendered":"Inscri\u00e7\u00f5es para a Rede P\u00fablica de Ensino em 2026 est\u00e3o abertas"},"content":{"rendered":"<h3 style=\"text-align: center;\"><em>Comunidade deve inscrever-se por meio do site\u00a0 <a href=\"http:\/\/escola.rs.gov.br\/matriculas\" target=\"_blank\" rel=\"noopener noreferrer\">escola.rs.gov.br\/matriculas<\/a><\/em><\/h3>\n<p><img loading=\"lazy\" class=\"size-full wp-image-148024 alignright\" src=\"https:\/\/diariodamanhapelotas.com.br\/site\/wp-content\/uploads\/2025\/10\/matricula-educacao.jpg\" alt=\"\" width=\"424\" height=\"600\" srcset=\"https:\/\/diariodamanhapelotas.com.br\/site\/wp-content\/uploads\/2025\/10\/matricula-educacao.jpg 424w, https:\/\/diariodamanhapelotas.com.br\/site\/wp-content\/uploads\/2025\/10\/matricula-educacao-212x300.jpg 212w, https:\/\/diariodamanhapelotas.com.br\/site\/wp-content\/uploads\/2025\/10\/matricula-educacao-106x150.jpg 106w\" sizes=\"(max-width: 424px) 100vw, 424px\" \/>As inscri\u00e7\u00f5es para a matr\u00edcula da Rede P\u00fablica de Ensino para o ano letivo de 2026 na Rede Municipal e Estadual est\u00e3o abertas. O prazo para inscri\u00e7\u00f5es vai at\u00e9 dia 2 de novembro, sendo realizado no site escola.rs.gov.br\/matriculas, para ingresso na pr\u00e9-escola, 1\u00b0 ano do Ensino Fundamental, 1\u00b0 ano do Ensino M\u00e9dio e EJA Estadual.<\/p>\n<p>O resultado das inscri\u00e7\u00f5es estar\u00e1 dispon\u00edvel dia 8 de dezembro, podendo ser conferido no site de inscri\u00e7\u00e3o. A efetiva\u00e7\u00e3o da matr\u00edcula deve ser realizada na escola designada, entre os dias 8 e 19 de dezembro.<\/p>\n<p>J\u00e1 o per\u00edodo de transfer\u00eancias para estudantes do 2\u00b0 ao 9\u00b0 ano do Fundamental e do 2\u00b0 e 3\u00b0 anos do M\u00e9dio ser\u00e1 de 20 de dezembro a 10 de janeiro de 2026, tamb\u00e9m pelo site oficial. O resultado estar\u00e1 dispon\u00edvel em 20 de janeiro de 2026, com efetiva\u00e7\u00e3o da matr\u00edcula de 20 a 30 de janeiro para a Rede Estadual e de 5 a 13 de fevereiro para a Rede Municipal.<\/p>\n<p><strong>Para mais informa\u00e7\u00f5es, a comunidade pode entrar em contato com a Central de Matr\u00edculas pelo telefone (53) 3199-0708 ou com a Secretaria Municipal de Educa\u00e7\u00e3o (SME) pelo n\u00famero (53) 3199-0514.<\/strong><\/p>\n<h4 style=\"text-align: center;\"><strong>Escolha do tamanho dos uniformes<\/strong><\/h4>\n<p>A escolha dos uniformes escolares, por sua vez, ser\u00e1 centralizada na\u00a0<a href=\"https:\/\/escola.rs.gov.br\/uniformes\" target=\"_blank\" rel=\"noopener noreferrer\"><strong>p\u00e1gina dedicada aos uniformes<\/strong><\/a>, no mesmo per\u00edodo das matr\u00edculas. Por meio desse portal, os estudantes ou seus respons\u00e1veis poder\u00e3o selecionar o tamanho dos uniformes a partir de uma tabela de medidas, informando o n\u00famero necess\u00e1rio. Quem j\u00e1 \u00e9 aluno da Rede poder\u00e1 confirmar ou alterar os tamanhos solicitados no ano anterior, e os ingressantes devem fazer o pedido.<\/p>\n<p>Os kits, que ser\u00e3o entregues diretamente nas escolas de cada estudante, s\u00e3o compostos por pe\u00e7as de roupas para todas as esta\u00e7\u00f5es do ano. Eles s\u00e3o organizados em dois pacotes, voltados para diferentes perfis de alunos.<\/p>\n<p>O Kit 1, destinado a estudantes do Ensino Fundamental e M\u00e9dio, cont\u00e9m dez pe\u00e7as: tr\u00eas camisetas de manga curta, duas camisetas de manga longa, uma jaqueta, um moletom, duas cal\u00e7as e uma bermuda.<\/p>\n<p>J\u00e1 o Kit 2, destinado \u00e0 Educa\u00e7\u00e3o Profissional Concomitante ou Subsequente e ao EJA, cont\u00e9m sete pe\u00e7as, tr\u00eas camisetas de manga curta, duas camisetas de manga longa, uma jaqueta e um moletom.<\/p>\n<h4 style=\"text-align: center;\"><strong>Cronograma e etapas da Matr\u00edcula 2026<br \/>\n<\/strong><\/h4>\n<ul>\n<li><strong>3 de outubro a 2 de novembro de 2025<\/strong>:\n<ul>\n<li>inscri\u00e7\u00f5es (pr\u00e9-matr\u00edcula e solicita\u00e7\u00e3o de inscri\u00e7\u00e3o para cursos t\u00e9cnicos e normal);<\/li>\n<li>rematr\u00edcula autom\u00e1tica e escolha de uniformes para estudantes com frequ\u00eancia maior ou igual a 75% de presen\u00e7a.<\/li>\n<\/ul>\n<\/li>\n<li><strong>20 de outubro a\u00a02 de novembro de 2025<\/strong>: escolha dos itiner\u00e1rios formativos pelos estudantes.<\/li>\n<li><strong>8 a 14 de\u00a0novembro de 2025<\/strong>: per\u00edodo de provas para os cursos t\u00e9cnicos.<\/li>\n<li><strong>14\u00a0de novembro de 2025:\u00a0<\/strong>realiza\u00e7\u00e3o do sorteio para os cursos t\u00e9cnicos e curso normal.<\/li>\n<li><strong>1\u00ba de dezembro de 2025:\u00a0<\/strong>realiza\u00e7\u00e3o das bancas de aferi\u00e7\u00e3o para os candidatos inscritos pela cota de pessoa negra.<\/li>\n<li><strong>1\u00ba a 3 de dezembro de 2025:<\/strong>\u00a0entrega da documenta\u00e7\u00e3o da reserva de vagas para candidatos inscritos pela cota de pessoa ind\u00edgena e PcD.<\/li>\n<li><strong>8 a 19 de dezembro de 2025:<\/strong>\u00a0efetiva\u00e7\u00e3o presencial da matr\u00edcula (1\u00aa chamada).<\/li>\n<li><strong>20\u00a0de dezembro de 2025 a 10 de janeiro de 2026<\/strong>: 2\u00aa chamada de pr\u00e9-matr\u00edcula, solicita\u00e7\u00f5es de transfer\u00eancia e escolha de uniformes para ingressantes da 2\u00aa chamada.<\/li>\n<li><strong>20 a 30\u00a0de janeiro de\u00a02026<\/strong>: efetiva\u00e7\u00e3o presencial das matr\u00edculas designadas na 2\u00aa chamada.<\/li>\n<li><strong>18 de fevereiro de 2026:<\/strong>\u00a0in\u00edcio do ano letivo de 2026.<\/li>\n<\/ul>\n","protected":false},"excerpt":{"rendered":"<p>Comunidade deve inscrever-se por meio do site\u00a0 escola.rs.gov.br\/matriculas As inscri\u00e7\u00f5es para a matr\u00edcula da Rede P\u00fablica de Ensino para o ano letivo de 2026 na Rede Municipal e Estadual est\u00e3o<\/p>\n","protected":false},"author":3,"featured_media":148025,"comment_status":"closed","ping_status":"closed","sticky":false,"template":"","format":"standard","meta":[],"categories":[305,30],"tags":[],"_links":{"self":[{"href":"https:\/\/diariodamanhapelotas.com.br\/site\/wp-json\/wp\/v2\/posts\/148023"}],"collection":[{"href":"https:\/\/diariodamanhapelotas.com.br\/site\/wp-json\/wp\/v2\/posts"}],"about":[{"href":"https:\/\/diariodamanhapelotas.com.br\/site\/wp-json\/wp\/v2\/types\/post"}],"author":[{"embeddable":true,"href":"https:\/\/diariodamanhapelotas.com.br\/site\/wp-json\/wp\/v2\/users\/3"}],"replies":[{"embeddable":true,"href":"https:\/\/diariodamanhapelotas.com.br\/site\/wp-json\/wp\/v2\/comments?post=148023"}],"version-history":[{"count":1,"href":"https:\/\/diariodamanhapelotas.com.br\/site\/wp-json\/wp\/v2\/posts\/148023\/revisions"}],"predecessor-version":[{"id":148026,"href":"https:\/\/diariodamanhapelotas.com.br\/site\/wp-json\/wp\/v2\/posts\/148023\/revisions\/148026"}],"wp:featuredmedia":[{"embeddable":true,"href":"https:\/\/diariodamanhapelotas.com.br\/site\/wp-json\/wp\/v2\/media\/148025"}],"wp:attachment":[{"href":"https:\/\/diariodamanhapelotas.com.br\/site\/wp-json\/wp\/v2\/media?parent=148023"}],"wp:term":[{"taxonomy":"category","embeddable":true,"href":"https:\/\/diariodamanhapelotas.com.br\/site\/wp-json\/wp\/v2\/categories?post=148023"},{"taxonomy":"post_tag","embeddable":true,"href":"https:\/\/diariodamanhapelotas.com.br\/site\/wp-json\/wp\/v2\/tags?post=148023"}],"curies":[{"name":"wp","href":"https:\/\/api.w.org\/{rel}","templated":true}]}}