{"id":148027,"date":"2025-10-07T09:23:46","date_gmt":"2025-10-07T12:23:46","guid":{"rendered":"https:\/\/diariodamanhapelotas.com.br\/site\/?p=148027"},"modified":"2025-10-07T09:23:46","modified_gmt":"2025-10-07T12:23:46","slug":"morre-jose-de-paiva-netto-fundador-da-legiao-da-boa-vontade","status":"publish","type":"post","link":"https:\/\/diariodamanhapelotas.com.br\/site\/morre-jose-de-paiva-netto-fundador-da-legiao-da-boa-vontade\/","title":{"rendered":"Morre Jos\u00e9 de Paiva Netto, fundador da Legi\u00e3o da Boa Vontade"},"content":{"rendered":"<h3 style=\"text-align: center;\"><em>Escritor, jornalista e l\u00edder espiritual da LBV faleceu nesta ter\u00e7a-feira (7), no Rio de Janeiro, aos 84 anos<\/em><\/h3>\n<p>O escritor, jornalista, radialista, compositor e educador\u00a0Jos\u00e9 de Paiva Netto, fundador e presidente das Institui\u00e7\u00f5es da Boa Vontade de Deus (LBV), morreu nesta ter\u00e7a-feira (7), aos 84 anos, no Rio de Janeiro, segundo nota oficial divulgada pela equipe. Ele estava internado no Hospital Pr\u00f3-Card\u00edaco, em Botafogo.<\/p>\n<p>Nascido em 2 de mar\u00e7o de 1941, no Rio de Janeiro,\u00a0Paiva Netto dedicou mais de seis d\u00e9cadas \u00e0 obra de assist\u00eancia social, educa\u00e7\u00e3o e comunica\u00e7\u00e3o da LBV, consolidando a entidade como um dos maiores movimentos humanit\u00e1rios do pa\u00eds. Sob sua lideran\u00e7a, a LBV passou a ter papel de destaque na Organiza\u00e7\u00e3o das Na\u00e7\u00f5es Unidas (ONU).<\/p>\n<p>Ele tamb\u00e9m fundou o Templo da Boa Vontade, em Bras\u00edlia, monumento que se tornou um dos principais pontos de peregrina\u00e7\u00e3o. Al\u00e9m disso, \u00e9 autor de diversas obras e colaborou com ve\u00edculos de imprensa, como\u00a0Folha de S.Paulo\u00a0e\u00a0Jornal de Bras\u00edlia.<\/p>\n<p>Em nota, a\u00a0equipe informou &#8220;com profundo respeito e gratid\u00e3o&#8221; o falecimento do l\u00edder espiritual. &#8220;Comunicamos que retornou \u00e0 Grande P\u00e1tria Espiritual, o jornalista, radialista, escritor, presidente das Institui\u00e7\u00f5es da Boa Vontade, nosso querido Irm\u00e3o Paiva&#8221;, diz.<\/p>\n<p>&#8220;Segue agora em sua jornada luminosa pelo Mundo da Verdade, levando consigo suas Obras de F\u00e9 Realizante, singularizadas em uma exist\u00eancia dedicada ao Bem&#8221;, afirma.<\/p>\n<p>A equipe destacou que foram &#8220;84 anos de vida terrena, dos quais 69 foram consagrados, incansavelmente, dia e noite, a consolidar e expandir suas pioneiras teses ecum\u00eanicas e as obras que ele tanto amava&#8221;.<\/p>\n<p>A LBV tamb\u00e9m homenageou o l\u00edder como um dos &#8220;mais not\u00e1veis educadores, comunicadores, escritores e filantropos de todos os tempos&#8221; e reafirmou o compromisso de dar continuidade ao seu legado. &#8220;Permaneceremos firmes, honrando sua mem\u00f3ria e perpetuando seu legado&#8221;, continua o texto.<\/p>\n<p>Paiva Netto era casado com Lucimara Augusta e deixa filhos, netos e bisnetos. A institui\u00e7\u00e3o anunciou que haver\u00e1\u00a0programa\u00e7\u00e3o especial de homenagens ao Paiva nesta quarta (8), em S\u00e3o Paulo.<\/p>\n<p>&#8220;As Institui\u00e7\u00f5es da Boa Vontade prosseguir\u00e3o inabal\u00e1veis, fundamentadas na sagrada miss\u00e3o de construir \u2018um Brasil melhor e uma Humanidade mais feliz'&#8221;, encerrou a equipe no comunicado.<\/p>\n<p>&nbsp;<\/p>\n","protected":false},"excerpt":{"rendered":"<p>Escritor, jornalista e l\u00edder espiritual da LBV faleceu nesta ter\u00e7a-feira (7), no Rio de Janeiro, aos 84 anos O escritor, jornalista, radialista, compositor e educador\u00a0Jos\u00e9 de Paiva Netto, fundador e<\/p>\n","protected":false},"author":3,"featured_media":148028,"comment_status":"closed","ping_status":"closed","sticky":false,"template":"","format":"standard","meta":[],"categories":[305,27],"tags":[],"_links":{"self":[{"href":"https:\/\/diariodamanhapelotas.com.br\/site\/wp-json\/wp\/v2\/posts\/148027"}],"collection":[{"href":"https:\/\/diariodamanhapelotas.com.br\/site\/wp-json\/wp\/v2\/posts"}],"about":[{"href":"https:\/\/diariodamanhapelotas.com.br\/site\/wp-json\/wp\/v2\/types\/post"}],"author":[{"embeddable":true,"href":"https:\/\/diariodamanhapelotas.com.br\/site\/wp-json\/wp\/v2\/users\/3"}],"replies":[{"embeddable":true,"href":"https:\/\/diariodamanhapelotas.com.br\/site\/wp-json\/wp\/v2\/comments?post=148027"}],"version-history":[{"count":1,"href":"https:\/\/diariodamanhapelotas.com.br\/site\/wp-json\/wp\/v2\/posts\/148027\/revisions"}],"predecessor-version":[{"id":148029,"href":"https:\/\/diariodamanhapelotas.com.br\/site\/wp-json\/wp\/v2\/posts\/148027\/revisions\/148029"}],"wp:featuredmedia":[{"embeddable":true,"href":"https:\/\/diariodamanhapelotas.com.br\/site\/wp-json\/wp\/v2\/media\/148028"}],"wp:attachment":[{"href":"https:\/\/diariodamanhapelotas.com.br\/site\/wp-json\/wp\/v2\/media?parent=148027"}],"wp:term":[{"taxonomy":"category","embeddable":true,"href":"https:\/\/diariodamanhapelotas.com.br\/site\/wp-json\/wp\/v2\/categories?post=148027"},{"taxonomy":"post_tag","embeddable":true,"href":"https:\/\/diariodamanhapelotas.com.br\/site\/wp-json\/wp\/v2\/tags?post=148027"}],"curies":[{"name":"wp","href":"https:\/\/api.w.org\/{rel}","templated":true}]}}