{"id":148039,"date":"2025-10-07T17:10:57","date_gmt":"2025-10-07T20:10:57","guid":{"rendered":"https:\/\/diariodamanhapelotas.com.br\/site\/?p=148039"},"modified":"2025-10-07T17:10:57","modified_gmt":"2025-10-07T20:10:57","slug":"comecam-as-oficinas-gratuitas-promovidas-pela-academia-do-samba","status":"publish","type":"post","link":"https:\/\/diariodamanhapelotas.com.br\/site\/comecam-as-oficinas-gratuitas-promovidas-pela-academia-do-samba\/","title":{"rendered":"Come\u00e7am as oficinas gratuitas promovidas pela Academia do Samba"},"content":{"rendered":"<h3 style=\"text-align: center;\"><em>Os primeiros encontros ocorreram nesta ter\u00e7a-feira, no Col\u00e9gio Municipal Pelotense<\/em><\/h3>\n<p>Sorriso no rosto, corpo em movimento e vontade de aprender. Assim come\u00e7aram as oficinas de dan\u00e7a da Escola de Artes e Of\u00edcios do Samba (EAOS), promovidas pela Academia do Samba. Os primeiros encontros ocorreram nesta ter\u00e7a-feira, no Col\u00e9gio Municipal Pelotense, que ainda busca mais alunos interessados em participar das atividades em turno inverno. Uma interven\u00e7\u00e3o art\u00edstica foi realizada na hora do recreio, de manh\u00e3 e tamb\u00e9m \u00e0 tarde, para chamar a aten\u00e7\u00e3o e sensibilizar a gurizada.<\/p>\n<p>A adolescente Luiza Rodrigues de Oliveira, de 13 anos, estava inscrita e entusiasmada em aprimorar as performances que j\u00e1 desenvolve a cada Carnaval. A estudante do 7\u00ba Ano \u00e9 porta-bandeira da Escola Mirim Mocidade do Sim\u00f5es e porta-estandarte de 3 entidades: Banda do Povo, Acad\u00eamicos do Parque Fragata e Vem com as Tra\u00edras que o Caf\u00e9 j\u00e1 t\u00e1 no Bule. \u201cA minha m\u00e3e C\u00e1tia era envolvida com Carnaval e eu saio desde pequena. Agora quero aprender mais\u201d.<\/p>\n<p>\u00c9 a mesma motiva\u00e7\u00e3o de Thierry Sousa Prestes, de 12 anos. O estudante do 7\u00ba Ano tamb\u00e9m segue os passos da fam\u00edlia: toca surdo como o pai Rafael e quer se soltar no samba como a m\u00e3e Alexandra. \u201cEu nasci no meio disso tudo e gosto muito\u201d, conta. \u201cA minha m\u00e3e cava um buraco no ch\u00e3o, de tanto que ela dan\u00e7a\u201d, descontrai, \u00e0 espera dos ensinamentos de samba no p\u00e9.<\/p>\n<h4 style=\"text-align: center;\"><strong>Um recreio mais colorido<\/strong><\/h4>\n<p>O convite para que mais alunos do Pelotense participem das oficinas gratuitas veio com a apresenta\u00e7\u00e3o da estudante e porta-estandarte da Academia do Samba, Kamilly Regina Silva, de 15 anos de idade. \u201cTodo mundo da minha fam\u00edlia \u00e9 acad\u00eamico. Eu me criei dentro da Academia. O meu tio Goulart j\u00e1 foi mestre-sala\u201d, orgulha-se.<\/p>\n<p><img loading=\"lazy\" class=\" wp-image-148040 aligncenter\" src=\"https:\/\/diariodamanhapelotas.com.br\/site\/wp-content\/uploads\/2025\/10\/oficina-de-samba-no-pe-colegio-pelotense-credito-dinhomaker.jpg\" alt=\"\" width=\"666\" height=\"439\" srcset=\"https:\/\/diariodamanhapelotas.com.br\/site\/wp-content\/uploads\/2025\/10\/oficina-de-samba-no-pe-colegio-pelotense-credito-dinhomaker.jpg 800w, https:\/\/diariodamanhapelotas.com.br\/site\/wp-content\/uploads\/2025\/10\/oficina-de-samba-no-pe-colegio-pelotense-credito-dinhomaker-300x198.jpg 300w, https:\/\/diariodamanhapelotas.com.br\/site\/wp-content\/uploads\/2025\/10\/oficina-de-samba-no-pe-colegio-pelotense-credito-dinhomaker-150x99.jpg 150w, https:\/\/diariodamanhapelotas.com.br\/site\/wp-content\/uploads\/2025\/10\/oficina-de-samba-no-pe-colegio-pelotense-credito-dinhomaker-768x506.jpg 768w\" sizes=\"(max-width: 666px) 100vw, 666px\" \/><\/p>\n<p style=\"text-align: center;\"><em>Oficina de samba no p\u00e9, no Col\u00e9gio Pelotense &#8211; Fotos: Dinhomaker<\/em><\/p>\n<h4 style=\"text-align: center;\"><strong>Saiba mais da EAOS<\/strong><\/h4>\n<p>Ao todo, 22 oficinas gratuitas ser\u00e3o ministradas pela Academia do Samba, com um total de 240 participantes. As institui\u00e7\u00f5es que ir\u00e3o receber o trabalho, al\u00e9m do C\u00edrculo Oper\u00e1rio Pelotense (COP), parceiro da Azul e Branco na Escola de Artes e Of\u00edcios do Samba, s\u00e3o o Col\u00e9gio Municipal Pelotense, a Escola Municipal Balbino Mascarenhas e a Escola Estadual Nossa Senhora Aparecida; as duas \u00faltimas localizadas no Sim\u00f5es Lopes, tradicional territ\u00f3rio da Academia.<\/p>\n<p>As oficinas s\u00e3o viabilizadas atrav\u00e9s de emendas impositivas destinadas por vereadores, ainda da antiga legislatura, no valor de R$ 165.349,76. Os recursos envolvem um total de 12 parlamentares \u2013 entre titulares e suplentes &#8211; e 6 bancadas: Michel Promove, Rafael Amaral, Belezinha e Hugo Miori, todos do Progressistas;<\/p>\n<p>Jone Soares, Dila Bandeira e Marisa Schwarzer, todos do PSDB; Fernanda Miranda e Jurandir Silva, ambos do PSOL; Carla Cassais (PT), Paulo Coitinho (Cidadania) e Cau\u00ea Fuhro Souto (PV).<\/p>\n<p>Para tornar as 22 oficinas realidade, mais de 20 profissionais est\u00e3o envolvidos, entre oficineiros, monitores e equipe de gest\u00e3o. Al\u00e9m das aulas, os participantes tamb\u00e9m receber\u00e3o um lanche durante as atividades. O projeto, que vinha sendo idealizado desde 2019, foi formalizado pelo Termo de Fomento 029\/2025, firmado entre a Academia do Samba e a Prefeitura de Pelotas.<\/p>\n<h4 style=\"text-align: center;\"><strong>Como v\u00e3o funcionar as atividades?<\/strong><\/h4>\n<p>* As oficinas de <strong>dan\u00e7a<\/strong> ser\u00e3o organizadas em 4 modalidades:<\/p>\n<ul>\n<li>Samba no p\u00e9<\/li>\n<li>Mestre-sala, porta-bandeira e porta-estandarte<\/li>\n<li>Comiss\u00e3o de frente (coreografia)<\/li>\n<li>Passo marcado (coreografia)<\/li>\n<\/ul>\n<p>* Ao todo ser\u00e3o oferecidas 160 vagas, com atividades desenvolvidas em turmas com 10 integrantes, em 4 lugares diferentes:<\/p>\n<p>&#8211; No Col\u00e9gio Municipal Pelotense, as atividades come\u00e7aram nesta ter\u00e7a-feira, dia 7, e tamb\u00e9m ser\u00e3o realizadas nos dias 14 e 21 de outubro e 7 de novembro, pela manh\u00e3 e tamb\u00e9m \u00e0 tarde.<\/p>\n<p>&#8211; Na Escola Municipal Balbino Mascarenhas e na Escola Estadual Nossa Senhora Aparecida, as datas ainda est\u00e3o em estudo.<\/p>\n<p>&#8211; No COP, o p\u00fablico-alvo s\u00e3o crian\u00e7as e adolescentes em situa\u00e7\u00e3o de vulnerabilidade, pessoas com defici\u00eancia e idosos. As oficinas ir\u00e3o ocorrer nos dias 10, 17 e 24 de outubro, nos 2 turnos: manh\u00e3 e tarde.<\/p>\n<p>* As oficinas de <strong>percuss\u00e3o <\/strong>ir\u00e3o contemplar os mais diferentes instrumentos que integram a bateria de uma escola de samba, como surdo, caixa, agog\u00f4, chocalho e tamborim.<\/p>\n<p>* Ao todo ser\u00e3o oferecidas 60 vagas: 15 em atividades realizadas no COP e 45 nas oficinas que ir\u00e3o ocorrer no Espa\u00e7o Art\u00edstico da Academia do Samba.<\/p>\n<p>* Os interessados em participar das oficinas ministradas pelo Mestre M\u00e1rio, na Academia do Samba, podem realizar inscri\u00e7\u00e3o nesta quarta, dia 8, das 19h \u00e0s 21h, no Espa\u00e7o Art\u00edstico da Escola. O endere\u00e7o \u00e9 avenida Viscondessa da Gra\u00e7a, 166.<\/p>\n<p>* As oficinas de <strong>alegorias<\/strong> e de <strong>adere\u00e7os<\/strong> ser\u00e3o ofertadas na sede do COP, na rua Rafael Pinto Bandeira, 1.359.<br \/>\n* Ser\u00e3o 20 vagas e o come\u00e7o das atividades est\u00e1 previsto para novembro.<\/p>\n","protected":false},"excerpt":{"rendered":"<p>Os primeiros encontros ocorreram nesta ter\u00e7a-feira, no Col\u00e9gio Municipal Pelotense Sorriso no rosto, corpo em movimento e vontade de aprender. Assim come\u00e7aram as oficinas de dan\u00e7a da Escola de Artes<\/p>\n","protected":false},"author":3,"featured_media":148041,"comment_status":"closed","ping_status":"closed","sticky":false,"template":"","format":"standard","meta":[],"categories":[305,149],"tags":[],"_links":{"self":[{"href":"https:\/\/diariodamanhapelotas.com.br\/site\/wp-json\/wp\/v2\/posts\/148039"}],"collection":[{"href":"https:\/\/diariodamanhapelotas.com.br\/site\/wp-json\/wp\/v2\/posts"}],"about":[{"href":"https:\/\/diariodamanhapelotas.com.br\/site\/wp-json\/wp\/v2\/types\/post"}],"author":[{"embeddable":true,"href":"https:\/\/diariodamanhapelotas.com.br\/site\/wp-json\/wp\/v2\/users\/3"}],"replies":[{"embeddable":true,"href":"https:\/\/diariodamanhapelotas.com.br\/site\/wp-json\/wp\/v2\/comments?post=148039"}],"version-history":[{"count":1,"href":"https:\/\/diariodamanhapelotas.com.br\/site\/wp-json\/wp\/v2\/posts\/148039\/revisions"}],"predecessor-version":[{"id":148042,"href":"https:\/\/diariodamanhapelotas.com.br\/site\/wp-json\/wp\/v2\/posts\/148039\/revisions\/148042"}],"wp:featuredmedia":[{"embeddable":true,"href":"https:\/\/diariodamanhapelotas.com.br\/site\/wp-json\/wp\/v2\/media\/148041"}],"wp:attachment":[{"href":"https:\/\/diariodamanhapelotas.com.br\/site\/wp-json\/wp\/v2\/media?parent=148039"}],"wp:term":[{"taxonomy":"category","embeddable":true,"href":"https:\/\/diariodamanhapelotas.com.br\/site\/wp-json\/wp\/v2\/categories?post=148039"},{"taxonomy":"post_tag","embeddable":true,"href":"https:\/\/diariodamanhapelotas.com.br\/site\/wp-json\/wp\/v2\/tags?post=148039"}],"curies":[{"name":"wp","href":"https:\/\/api.w.org\/{rel}","templated":true}]}}