{"id":148045,"date":"2025-10-07T17:49:41","date_gmt":"2025-10-07T20:49:41","guid":{"rendered":"https:\/\/diariodamanhapelotas.com.br\/site\/?p=148045"},"modified":"2025-10-07T17:49:41","modified_gmt":"2025-10-07T20:49:41","slug":"ucpel-celebra-65-anos-de-fundacao-e-anuncia-novos-cursos-de-graduacao","status":"publish","type":"post","link":"https:\/\/diariodamanhapelotas.com.br\/site\/ucpel-celebra-65-anos-de-fundacao-e-anuncia-novos-cursos-de-graduacao\/","title":{"rendered":"UCPel celebra 65 anos de funda\u00e7\u00e3o e anuncia novos cursos de gradua\u00e7\u00e3o"},"content":{"rendered":"<h3 style=\"text-align: center;\"><em>Com 65 anos de hist\u00f3ria, universidade reafirma seu papel na forma\u00e7\u00e3o, inova\u00e7\u00e3o e desenvolvimento regional<\/em><\/h3>\n<p>Nesta ter\u00e7a-feira, dia 7 de outubro, a Universidade Cat\u00f3lica de Pelotas (UCPel) celebra 65 anos de funda\u00e7\u00e3o, marcando mais de seis d\u00e9cadas de contribui\u00e7\u00e3o \u00e0 educa\u00e7\u00e3o, \u00e0 ci\u00eancia e ao desenvolvimento social de Pelotas e de toda a Zona Sul do Rio Grande do Sul. Para comemorar a data, a institui\u00e7\u00e3o organizou uma programa\u00e7\u00e3o especial que ser\u00e1 realizada ao longo do dia no Campus I (rua Gon\u00e7alves Chaves, 373).<\/p>\n<h4 style=\"text-align: center;\">Compromisso com a comunidade<\/h4>\n<p>Desde sua funda\u00e7\u00e3o, em 1959, por Dom Ant\u00f4nio Zattera, a UCPel vem desempenhando um papel fundamental na forma\u00e7\u00e3o de profissionais em diversas \u00e1reas do conhecimento, al\u00e9m de programas de p\u00f3s-gradua\u00e7\u00e3o reconhecidos nacionalmente. A universidade tamb\u00e9m \u00e9 refer\u00eancia em projetos de extens\u00e3o que impactam diretamente a comunidade pelotense e regional.<\/p>\n<h4 style=\"text-align: center;\">Novos cursos<\/h4>\n<p>Na manh\u00e3 desta ter\u00e7a-feira (7), dia do seu Anivers\u00e1rio de 65 anos, a Universidade Cat\u00f3lica de Pelotas (UCPel) anunciou a cria\u00e7\u00e3o de novos cursos para ingresso no pr\u00f3ximo semestre. S\u00e3o eles: Fonoaudiologia, Nutri\u00e7\u00e3o e Ci\u00eancia de Dados e Intelig\u00eancia Artificial. Cada um dos cursos ter\u00e1 40 vagas dispon\u00edveis.<\/p>\n<p>Al\u00e9m disso, mais seis cursos mudam de modalidade: Biomedicina, Engenharias Civil e El\u00e9trica, Est\u00e9tica e Cosm\u00e9tica, Pedagogia e Servi\u00e7o Social passam de Educa\u00e7\u00e3o \u00e0 Dist\u00e2ncia (EAD) para Semipresencial.<\/p>\n<p>Na ocasi\u00e3o tamb\u00e9m foi lan\u00e7ado o Vestibular 2026. As inscri\u00e7\u00f5es online iniciam no dia 15 de outubro.<\/p>\n<h4 style=\"text-align: center;\">A Casa da Zona Sul<\/h4>\n<p>Na presen\u00e7a da reitoria, professores e colaboradores da UCPel, convidados e da imprensa, o reitor Jos\u00e9 Carlos Pereira Bachettini J\u00fanior reverenciou o destaque da universidade na Zona Sul: \u201cA cria\u00e7\u00e3o desses novos cursos vai al\u00e9m de uma pesquisa de mercado. Ela vem para sanar os anseios da nossa sociedade. N\u00f3s queremos representar a ess\u00eancia da nossa religi\u00e3o. Ent\u00e3o, muito obrigado e sintam em casa, porque aqui \u00e9 a casa da comunidade de Pelotas\u201d, celebrou.<\/p>\n<p>O Superintendente de Marketing e Comunica\u00e7\u00e3o da UCPel, Cleiton Decker, resgata a mem\u00f3ria a excel\u00eancia da universidade: \u201cTudo o que a UCPel faz, deixa marcas. Os feitos do passado permanecem vivos e o que acontece agora nos faz presentes no futuro. Buscamos inova\u00e7\u00f5es para capacitar profissionais com experi\u00eancia e tecnologias avan\u00e7adas para atender a popula\u00e7\u00e3o, sempre com um prop\u00f3sito ainda maior: formar seres humanos cada vez melhores\u201d, finalizou.<\/p>\n<h4 style=\"text-align: center;\">Conhe\u00e7a os novos cursos<\/h4>\n<p><strong>Fonoaudiologia<\/strong>\u00a0&#8211; o curso ser\u00e1 o primeiro da Zona Sul do estado de forma presencial. Os futuros bachar\u00e9is em Fonoaudiologia ter\u00e3o acesso a um curso conforme as novas diretrizes do Minist\u00e9rio da Educa\u00e7\u00e3o (MEC), com cinco anos de gradua\u00e7\u00e3o. Al\u00e9m disso, o curso ser\u00e1 voltado \u00e0 pr\u00e1tica desde o in\u00edcio, com atendimentos a pacientes nas Unidades B\u00e1sicas de Sa\u00fade (UBS), no Ambulat\u00f3rio da UCPel e no Hospital Universit\u00e1rio S\u00e3o Francisco de Paula (HUSFP).<\/p>\n<p><strong>Nutri\u00e7\u00e3o<\/strong>\u00a0&#8211; Com aulas no turno da noite, o curso ser\u00e1 semipresencial e voltado \u00e0 pr\u00e1tica desde o in\u00edcio, proporcionando aos alunos experi\u00eancias em ambientes reais de atua\u00e7\u00e3o profissional. A forma\u00e7\u00e3o, que tamb\u00e9m ser\u00e1 de cinco anos, contemplar\u00e1 atividades supervisionadas em unidades pr\u00f3prias da universidade, preparando os estudantes para os diversos campos da Nutri\u00e7\u00e3o.<\/p>\n<p><strong>Ci\u00eancia de Dados e Intelig\u00eancia Artificial<\/strong>\u00a0\u2013 Com gradua\u00e7\u00e3o de quatro anos, o curso ser\u00e1 voltado para atender a crescente demanda do mercado por profissionais especializados em tecnologia e an\u00e1lise de dados. Com um curr\u00edculo alinhado \u00e0s tend\u00eancias tecnol\u00f3gicas, com flexibilidade de um curso semipresencial, os alunos ser\u00e3o capacitados para atuar em diversas \u00e1reas de inova\u00e7\u00e3o e estrat\u00e9gia.<\/p>\n<h4 style=\"text-align: center;\">Ingresso<\/h4>\n<p>Neste processo de sele\u00e7\u00e3o, a Universidade ofertar\u00e1 vagas para 30 cursos em diferentes modalidades. O acesso se d\u00e1 por prova de reda\u00e7\u00e3o online, nota do Enem, portador de t\u00edtulo e transfer\u00eancia &#8211; nesta \u00faltima modalidade, as exce\u00e7\u00f5es s\u00e3o os tr\u00eas novos cursos. As inscri\u00e7\u00f5es iniciam ainda no dia 15 de outubro, por meio do\u00a0<a href=\"https:\/\/vestibular.ucpel.edu.br\/\">site<\/a>.<\/p>\n<h4 style=\"text-align: center;\">Medicina<\/h4>\n<p>Para concorrer a um vaga na maior escola m\u00e9dica do RS e uma das melhores do pa\u00eds, o candidato tem at\u00e9 o dia 14 de outubro para efetuar sua inscri\u00e7\u00e3o. O vestibular, com provas de reda\u00e7\u00e3o e de conhecimentos espec\u00edficos, ser\u00e1 realizado no dia 1\u00ba de novembro. As inscri\u00e7\u00f5es podem ser feitas pelo <a href=\"https:\/\/vestibular.ucpel.edu.br\/\">link<\/a>.<\/p>\n<p>A abertura dos novos cursos refor\u00e7a o compromisso da UCPel com a inova\u00e7\u00e3o, a qualidade do ensino superior e o desenvolvimento regional, ampliando as op\u00e7\u00f5es de forma\u00e7\u00e3o e inser\u00e7\u00e3o profissional para estudantes da Zona Sul e de todo o estado.<\/p>\n","protected":false},"excerpt":{"rendered":"<p>Com 65 anos de hist\u00f3ria, universidade reafirma seu papel na forma\u00e7\u00e3o, inova\u00e7\u00e3o e desenvolvimento regional Nesta ter\u00e7a-feira, dia 7 de outubro, a Universidade Cat\u00f3lica de Pelotas (UCPel) celebra 65 anos<\/p>\n","protected":false},"author":34,"featured_media":134185,"comment_status":"closed","ping_status":"closed","sticky":false,"template":"","format":"standard","meta":[],"categories":[305,30],"tags":[],"_links":{"self":[{"href":"https:\/\/diariodamanhapelotas.com.br\/site\/wp-json\/wp\/v2\/posts\/148045"}],"collection":[{"href":"https:\/\/diariodamanhapelotas.com.br\/site\/wp-json\/wp\/v2\/posts"}],"about":[{"href":"https:\/\/diariodamanhapelotas.com.br\/site\/wp-json\/wp\/v2\/types\/post"}],"author":[{"embeddable":true,"href":"https:\/\/diariodamanhapelotas.com.br\/site\/wp-json\/wp\/v2\/users\/34"}],"replies":[{"embeddable":true,"href":"https:\/\/diariodamanhapelotas.com.br\/site\/wp-json\/wp\/v2\/comments?post=148045"}],"version-history":[{"count":3,"href":"https:\/\/diariodamanhapelotas.com.br\/site\/wp-json\/wp\/v2\/posts\/148045\/revisions"}],"predecessor-version":[{"id":148048,"href":"https:\/\/diariodamanhapelotas.com.br\/site\/wp-json\/wp\/v2\/posts\/148045\/revisions\/148048"}],"wp:featuredmedia":[{"embeddable":true,"href":"https:\/\/diariodamanhapelotas.com.br\/site\/wp-json\/wp\/v2\/media\/134185"}],"wp:attachment":[{"href":"https:\/\/diariodamanhapelotas.com.br\/site\/wp-json\/wp\/v2\/media?parent=148045"}],"wp:term":[{"taxonomy":"category","embeddable":true,"href":"https:\/\/diariodamanhapelotas.com.br\/site\/wp-json\/wp\/v2\/categories?post=148045"},{"taxonomy":"post_tag","embeddable":true,"href":"https:\/\/diariodamanhapelotas.com.br\/site\/wp-json\/wp\/v2\/tags?post=148045"}],"curies":[{"name":"wp","href":"https:\/\/api.w.org\/{rel}","templated":true}]}}