{"id":148055,"date":"2025-10-08T14:06:47","date_gmt":"2025-10-08T17:06:47","guid":{"rendered":"https:\/\/diariodamanhapelotas.com.br\/site\/?p=148055"},"modified":"2025-10-08T14:06:47","modified_gmt":"2025-10-08T17:06:47","slug":"livro-registra-o-caminho-das-aguas-da-enchente-de-2024","status":"publish","type":"post","link":"https:\/\/diariodamanhapelotas.com.br\/site\/livro-registra-o-caminho-das-aguas-da-enchente-de-2024\/","title":{"rendered":"Livro registra o caminho das \u00e1guas da enchente de 2024"},"content":{"rendered":"<h3 style=\"text-align: center;\"><em>Um di\u00e1rio-reportagem, fartamente ilustrado sobre oito dias de viagem de bicicleta, por cerca de 500 km, pela costa oeste da Lagoa dos Patos, partindo de Porto Alegre at\u00e9 chegar em Rio Grande<\/em><\/h3>\n<p><img loading=\"lazy\" class=\" wp-image-148056 alignright\" src=\"https:\/\/diariodamanhapelotas.com.br\/site\/wp-content\/uploads\/2025\/10\/livro-caminho-das-aguas.jpg\" alt=\"\" width=\"273\" height=\"404\" srcset=\"https:\/\/diariodamanhapelotas.com.br\/site\/wp-content\/uploads\/2025\/10\/livro-caminho-das-aguas.jpg 405w, https:\/\/diariodamanhapelotas.com.br\/site\/wp-content\/uploads\/2025\/10\/livro-caminho-das-aguas-203x300.jpg 203w, https:\/\/diariodamanhapelotas.com.br\/site\/wp-content\/uploads\/2025\/10\/livro-caminho-das-aguas-101x150.jpg 101w\" sizes=\"(max-width: 273px) 100vw, 273px\" \/>Em maio de 2024, o Rio Grande do Sul viveu a maior trag\u00e9dia clim\u00e1tica de sua hist\u00f3ria. Cerca de tr\u00eas meses ap\u00f3s as enchentes, os jornalistas Eduardo Seidl e Raphaela Donaduce Flores percorreram de bicicleta o caminho que as \u00e1guas fizeram, a partir do Gua\u00edba at\u00e9 encontrar o mar, na Praia do Cassino.<\/p>\n<p>Em oito dias, foram cerca de 500 quil\u00f4metros pedalados, contornando a costa oeste da Lagoa dos Patos, com paradas nas cidades\u00a0de Barra do Ribeiro, Tapes, Arambar\u00e9, S\u00e3o Louren\u00e7o, Pelotas\u00a0e\u00a0Rio Grande.<\/p>\n<p>Essa hist\u00f3ria \u00e9 contada no livro\u00a0<em>Caminho das \u00e1guas, uma viagem de bicicleta pela costa oeste da Lagoa dos Patos<\/em><em>\u00a0<\/em>(152 p\u00e1ginas), publicado pela\u00a0Editora Libretos. Narrado em forma de di\u00e1rio de viagem, numa expedi\u00e7\u00e3o-resist\u00eancia \u00e0 velocidade e ao consumo, os viajantes percorrem o territ\u00f3rio, documentando as marcas deixadas na paisagem e na vida da popula\u00e7\u00e3o.<\/p>\n<p>Elaborado a quatro m\u00e3os, todo o conte\u00fado deste livro, fotos e textos, \u00e9 de autoria coletiva. \u201cO resultado desse trabalho \u00e9 fruto de horas de di\u00e1logo e elabora\u00e7\u00e3o conjunta, que come\u00e7aram antes mesmo de nos lan\u00e7armos \u00e0 estrada e seguiram meses depois de concluir o trajeto, ao longo da feitura deste livro. Independentemente de quem clicou a foto ou redigiu as palavras nestas p\u00e1ginas, esta narrativa \u00e9 uma fus\u00e3o da nossa experi\u00eancia coletiva\u201d, explicam Raphaela e Eduardo.<\/p>\n<p>Na orelha, o escritor e tradutor\u00a0Pedro Gonzaga\u00a0comenta que este \u00e9 um daqueles livros que n\u00e3o se encaixa em nenhuma das defini\u00e7\u00f5es tradicionais:<strong>\u00a0<\/strong>\u201cRaphaela e Eduardo nos levam a ver a trag\u00e9dia, no entanto, por uma mistura revigorante de recursos. Trata-se de uma reportagem, visual e escrita, mas tamb\u00e9m de um livro de viagem sobre pedais. \u00c9 uma den\u00fancia das condi\u00e7\u00f5es dos que t\u00eam menos, mas tamb\u00e9m um convite a pegar a estrada. \u00c9 uma cr\u00f4nica de um tempo e, ao mesmo tempo, uma reflex\u00e3o sobre nossa rela\u00e7\u00e3o com a natureza. Um trabalho primoroso de investiga\u00e7\u00e3o, de aventura, de solidariedade.\u201d<\/p>\n<p><img loading=\"lazy\" class=\" wp-image-148057 alignleft\" src=\"https:\/\/diariodamanhapelotas.com.br\/site\/wp-content\/uploads\/2025\/10\/mapa-do-trajeto-mari-froner-projeto-caminho-das-aguas.jpg\" alt=\"\" width=\"233\" height=\"338\" srcset=\"https:\/\/diariodamanhapelotas.com.br\/site\/wp-content\/uploads\/2025\/10\/mapa-do-trajeto-mari-froner-projeto-caminho-das-aguas.jpg 413w, https:\/\/diariodamanhapelotas.com.br\/site\/wp-content\/uploads\/2025\/10\/mapa-do-trajeto-mari-froner-projeto-caminho-das-aguas-207x300.jpg 207w, https:\/\/diariodamanhapelotas.com.br\/site\/wp-content\/uploads\/2025\/10\/mapa-do-trajeto-mari-froner-projeto-caminho-das-aguas-103x150.jpg 103w\" sizes=\"(max-width: 233px) 100vw, 233px\" \/>A obra, ainda, chama a aten\u00e7\u00e3o para o movimento \u201cBicicleta: um carro a menos\u201d, que pauta a luta por mobilidade sustent\u00e1vel. \u201cEm tempos de emerg\u00eancia clim\u00e1tica, n\u00e3o h\u00e1 mais tempo a perder: \u00e9 preciso repensar a velocidade do mundo\u201d.<\/p>\n<h4 style=\"text-align: center;\"><strong>Lan\u00e7amentos<\/strong><\/h4>\n<p>O livro ser\u00e1 lan\u00e7ado ao longo do m\u00eas de outubro nas 7 cidades percorridas, em eventos abertos ao p\u00fablico, com roda de conversa com os autores sobre o trabalho e\u00a0tradu\u00e7\u00e3o para a L\u00edngua Brasileira de Sinais \u2013 LIBRAS.<\/p>\n<p>Depois de\u00a0Porto Alegre,\u00a0dia\u00a006\u00a0na Casa de Cultura Mario Quintana,\u00a0<span style=\"font-style: inherit;\">as pr\u00f3ximas paradas de lan\u00e7amento do livro ser\u00e3o em tr\u00eas cidades da Zona Sul do RS:\u00a0<\/span><\/p>\n<p><strong>Dia 10\/10 &#8211; S\u00c3O LOUREN\u00c7O DO SUL\u00a0<\/strong><strong><span style=\"font-style: inherit;\">\u00a0<\/span><\/strong><span style=\"font-style: inherit; font-weight: inherit;\">\u00e0s 16h, na Escola Marina Vargas &#8211; Av. Coronel Nono Centeno, 933.<\/span><\/p>\n<p><strong><span style=\"font-style: inherit;\">Dia 11\/10 &#8211; PELOTAS\u00a0<\/span><\/strong><span style=\"font-style: inherit; font-weight: inherit;\">\u00e0s 12h no Cantinho da Gi, na Col\u00f4nia Z3 e \u00e0s 17h na 4 Galeria e Caf\u00e9 &#8211; Rua Doutor Amarante 608<\/span><\/p>\n<p><strong><span style=\"font-style: inherit;\">Dia 12\/10 \u2013 RIO GRANDE\u00a0<\/span><\/strong><span style=\"font-style: inherit; font-weight: inherit;\">\u00e0s 15h no Palacete Bianchini &#8211; Av. Rio Grande, 186, Praia do Cassino<\/span><\/p>\n<p><span style=\"font-style: inherit; font-weight: inherit;\">Os eventos marcam, tamb\u00e9m, as entregas oficiais de exemplares gratuitos para institui\u00e7\u00f5es culturais e de ensino dos munic\u00edpios.<\/span><\/p>\n<p><span style=\"font-style: inherit; font-weight: inherit;\">E, na sequ\u00eancia, os autores passar\u00e3o por:<br \/>\n<\/span><\/p>\n<p><span style=\"font-style: inherit;\"><strong>Dia 24\/10 &#8211; BARRA DO RIBEIRO\u00a0<\/strong><\/span><span style=\"font-style: inherit; font-weight: inherit;\">\u00e0s 16h &#8211; Galp\u00e3o Crioulo da Prefeitura &#8211; Rua 14 de julho s\/ n\u00b0<\/span><\/p>\n<p><span style=\"font-style: inherit;\"><strong>Dia 25\/10 \u2013 ARAMBAR\u00c9<\/strong><\/span><span style=\"font-style: inherit; font-weight: inherit;\">\u00a0\u00e0s 10h &#8211; Biblioteca P\u00fablica Municipal S\u00edlvia Centeno Xavier &#8211; Rua Don\u00e1rio Lopes, 85<\/span><\/p>\n<p><strong>Dia 25\/10 \u2013 TAPES\u00a0<\/strong><span style=\"font-style: inherit; font-weight: inherit;\">\u00e0s 18h na Associa\u00e7\u00e3o Comercial e Industrial de Tapes (ACCITA) &#8211;\u00a0<\/span><span style=\"font-style: inherit; font-weight: inherit;\">Av. Get\u00falio Vargas, 605.<\/span><\/p>\n<p>Haver\u00e1 distribui\u00e7\u00e3o gratuita de exemplares para escolas p\u00fablicas, museus, bibliotecas, pontos de cultura, universidades e institui\u00e7\u00f5es culturais dos munic\u00edpios envolvidos. Outra parte da tiragem ser\u00e1 comercializada, com valor subsidiado de R$ 50, nas principais livrarias da cidade, no site da Libretos e tamb\u00e9m diretamente com os autores.<\/p>\n<p>Al\u00e9m disso, o conte\u00fado completo do livro ser\u00e1 disponibilizado de forma acess\u00edvel, com audiodescri\u00e7\u00e3o, no site<strong>\u00a0<\/strong><a href=\"http:\/\/www.pedalcaminhodasaguas.com.br\/\" target=\"_blank\" rel=\"noopener noreferrer\" data-auth=\"NotApplicable\" data-linkindex=\"0\"><strong>www.pedalcaminhodasaguas.com.br<\/strong><\/a>. \u00c9 poss\u00edvel acompanhar detalhes e bastidores do projeto pelo perfil no Instagram\u00a0<strong><a href=\"https:\/\/www.instagram.com\/pedalcaminhodasaguas\/\" target=\"_blank\" rel=\"noopener noreferrer\">@pedalcaminhodasaguas<\/a>.<\/strong><\/p>\n<p>O projeto foi contemplado pelo Edital Sedac Pnab RS \u2014 31\/2024 \u2014 Mem\u00f3ria e Patrim\u00f4nio, este projeto \u00e9 financiado pela Pol\u00edtica Nacional Aldir Blanc, PR\u00d3-CULTURA RS &#8211; Secretaria de Estado da Cultura do Rio Grande do Sul e realiza\u00e7\u00e3o do Minist\u00e9rio da Cultura &#8211; Governo Federal.\u00a0<img loading=\"lazy\" class=\" wp-image-148059 alignleft\" src=\"https:\/\/diariodamanhapelotas.com.br\/site\/wp-content\/uploads\/2025\/10\/projeto-caminho-das-aguas.jpg\" alt=\"\" width=\"232\" height=\"310\" srcset=\"https:\/\/diariodamanhapelotas.com.br\/site\/wp-content\/uploads\/2025\/10\/projeto-caminho-das-aguas.jpg 450w, https:\/\/diariodamanhapelotas.com.br\/site\/wp-content\/uploads\/2025\/10\/projeto-caminho-das-aguas-225x300.jpg 225w, https:\/\/diariodamanhapelotas.com.br\/site\/wp-content\/uploads\/2025\/10\/projeto-caminho-das-aguas-113x150.jpg 113w\" sizes=\"(max-width: 232px) 100vw, 232px\" \/><\/p>\n<h4 style=\"text-align: center;\">Sobre os Autores:<\/h4>\n<p><strong>Raphaela Donaduce Flores\u00a0&#8211;<\/strong>\u00a0\u00e9 jornalista e trabalha com comunica\u00e7\u00e3o desde 2006. Especialista na \u00e1rea cultural, gerencia projetos de comunica\u00e7\u00e3o e atua como assessora de imprensa pela Dona Flor Comunica\u00e7\u00e3o, ag\u00eancia que fundou em 2011. P\u00f3s graduada em gest\u00e3o cultural e comunica\u00e7\u00e3o empresarial, com MBA em em Desenvolvimento Sustent\u00e1vel e Economia Circular, \u00e9 tamb\u00e9m graduanda no curso de Escrita Criativa, na Pucrs. Pedala desde crian\u00e7a, mas foi na pandemia que come\u00e7ou a fazer longas dist\u00e2ncias. \u00c9 m\u00e3e do tamb\u00e9m ciclista Joaquim.<\/p>\n<p><strong>Eduardo Seidl\u00a0<\/strong>\u00e9 jornalista, mestre em linguagens e pr\u00e1ticas jornal\u00edsticas pela Universidade do Vale do Rio dos Sinos &#8211; Unisinos. Docente e coordenador do Laborat\u00f3rio de Aprendizagem em Fotografia da Escola de Comunica\u00e7\u00e3o, Artes e Design &#8211; Famecos &#8211; PUCRS. Rep\u00f3rter fotogr\u00e1fico, com mais de 20 anos de experi\u00eancia, com passagens em assessorias de comunica\u00e7\u00e3o e ve\u00edculos de imprensa. Fundador e educador popular do N\u00facleo Imagens Faladas do Ponto de Cultura Quilombo do Sopapo, em Porto Alegre. Atua em projetos culturais e de pesquisa concentrados em narrativas visuais, fotolivro e percurso como processo criativo. \u00c9 pai dos ciclistas Sebasti\u00e3o e Matias.<\/p>\n<p>&nbsp;<\/p>\n","protected":false},"excerpt":{"rendered":"<p>Um di\u00e1rio-reportagem, fartamente ilustrado sobre oito dias de viagem de bicicleta, por cerca de 500 km, pela costa oeste da Lagoa dos Patos, partindo de Porto Alegre at\u00e9 chegar em<\/p>\n","protected":false},"author":3,"featured_media":148058,"comment_status":"closed","ping_status":"closed","sticky":false,"template":"","format":"standard","meta":[],"categories":[305,32],"tags":[],"_links":{"self":[{"href":"https:\/\/diariodamanhapelotas.com.br\/site\/wp-json\/wp\/v2\/posts\/148055"}],"collection":[{"href":"https:\/\/diariodamanhapelotas.com.br\/site\/wp-json\/wp\/v2\/posts"}],"about":[{"href":"https:\/\/diariodamanhapelotas.com.br\/site\/wp-json\/wp\/v2\/types\/post"}],"author":[{"embeddable":true,"href":"https:\/\/diariodamanhapelotas.com.br\/site\/wp-json\/wp\/v2\/users\/3"}],"replies":[{"embeddable":true,"href":"https:\/\/diariodamanhapelotas.com.br\/site\/wp-json\/wp\/v2\/comments?post=148055"}],"version-history":[{"count":1,"href":"https:\/\/diariodamanhapelotas.com.br\/site\/wp-json\/wp\/v2\/posts\/148055\/revisions"}],"predecessor-version":[{"id":148060,"href":"https:\/\/diariodamanhapelotas.com.br\/site\/wp-json\/wp\/v2\/posts\/148055\/revisions\/148060"}],"wp:featuredmedia":[{"embeddable":true,"href":"https:\/\/diariodamanhapelotas.com.br\/site\/wp-json\/wp\/v2\/media\/148058"}],"wp:attachment":[{"href":"https:\/\/diariodamanhapelotas.com.br\/site\/wp-json\/wp\/v2\/media?parent=148055"}],"wp:term":[{"taxonomy":"category","embeddable":true,"href":"https:\/\/diariodamanhapelotas.com.br\/site\/wp-json\/wp\/v2\/categories?post=148055"},{"taxonomy":"post_tag","embeddable":true,"href":"https:\/\/diariodamanhapelotas.com.br\/site\/wp-json\/wp\/v2\/tags?post=148055"}],"curies":[{"name":"wp","href":"https:\/\/api.w.org\/{rel}","templated":true}]}}