{"id":148067,"date":"2025-10-08T14:49:40","date_gmt":"2025-10-08T17:49:40","guid":{"rendered":"https:\/\/diariodamanhapelotas.com.br\/site\/?p=148067"},"modified":"2025-10-08T14:49:40","modified_gmt":"2025-10-08T17:49:40","slug":"rua-anchieta-esta-interrompida-no-entroncamento-com-a-catedral","status":"publish","type":"post","link":"https:\/\/diariodamanhapelotas.com.br\/site\/rua-anchieta-esta-interrompida-no-entroncamento-com-a-catedral\/","title":{"rendered":"Rua Anchieta est\u00e1 interrompida no entroncamento com a Catedral"},"content":{"rendered":"<h3 style=\"text-align: center;\"><em>Obras de restaura\u00e7\u00e3o da igreja implicam no bloqueio vi\u00e1rio por quest\u00f5es de seguran\u00e7a<\/em><\/h3>\n<p><span style=\"font-style: inherit; font-weight: inherit;\"><span style=\"font-size: medium;\">A Secretaria de Transporte e Tr\u00e2nsito (STT) da Prefeitura est\u00e1 monitorando, desde as primeiras horas da manh\u00e3, a interrup\u00e7\u00e3o do fluxo de ve\u00edculos na rua Padre Anchieta com pra\u00e7a Jos\u00e9 Bonif\u00e1cio. Obras de restaura\u00e7\u00e3o do pr\u00e9dio da Catedral S\u00e3o Francisco de Paula implicam no bloqueio v\u00e1rio por quest\u00f5es de seguran\u00e7a, j\u00e1 que h\u00e1 utiliza\u00e7\u00e3o de maquin\u00e1rio de porte.<\/span><\/span><\/p>\n<p><span style=\"font-style: inherit; font-weight: inherit;\"><span style=\"font-size: medium;\">De acordo com a STT, a interrup\u00e7\u00e3o predominante \u00e9 a total, podendo, eventualmente, ser liberada meia pista. O bloqueio, segundo previs\u00f5es, deve prosseguir ainda nesta quinta-feira (9).<\/span><\/span><\/p>\n<p><span style=\"font-style: inherit; font-weight: inherit;\"><span style=\"font-size: medium;\">Outro local do Centro, com tr\u00e2nsito interrompido, \u00e9 o cruzamento da rua Gon\u00e7alves Chaves com Ant\u00f4nio dos Anjos, em raz\u00e3o de obras de infraestrutura a cargo do Sanep.<\/span><\/span><\/p>\n","protected":false},"excerpt":{"rendered":"<p>Obras de restaura\u00e7\u00e3o da igreja implicam no bloqueio vi\u00e1rio por quest\u00f5es de seguran\u00e7a A Secretaria de Transporte e Tr\u00e2nsito (STT) da Prefeitura est\u00e1 monitorando, desde as primeiras horas da manh\u00e3,<\/p>\n","protected":false},"author":3,"featured_media":148068,"comment_status":"closed","ping_status":"closed","sticky":false,"template":"","format":"standard","meta":[],"categories":[305,149],"tags":[],"_links":{"self":[{"href":"https:\/\/diariodamanhapelotas.com.br\/site\/wp-json\/wp\/v2\/posts\/148067"}],"collection":[{"href":"https:\/\/diariodamanhapelotas.com.br\/site\/wp-json\/wp\/v2\/posts"}],"about":[{"href":"https:\/\/diariodamanhapelotas.com.br\/site\/wp-json\/wp\/v2\/types\/post"}],"author":[{"embeddable":true,"href":"https:\/\/diariodamanhapelotas.com.br\/site\/wp-json\/wp\/v2\/users\/3"}],"replies":[{"embeddable":true,"href":"https:\/\/diariodamanhapelotas.com.br\/site\/wp-json\/wp\/v2\/comments?post=148067"}],"version-history":[{"count":1,"href":"https:\/\/diariodamanhapelotas.com.br\/site\/wp-json\/wp\/v2\/posts\/148067\/revisions"}],"predecessor-version":[{"id":148069,"href":"https:\/\/diariodamanhapelotas.com.br\/site\/wp-json\/wp\/v2\/posts\/148067\/revisions\/148069"}],"wp:featuredmedia":[{"embeddable":true,"href":"https:\/\/diariodamanhapelotas.com.br\/site\/wp-json\/wp\/v2\/media\/148068"}],"wp:attachment":[{"href":"https:\/\/diariodamanhapelotas.com.br\/site\/wp-json\/wp\/v2\/media?parent=148067"}],"wp:term":[{"taxonomy":"category","embeddable":true,"href":"https:\/\/diariodamanhapelotas.com.br\/site\/wp-json\/wp\/v2\/categories?post=148067"},{"taxonomy":"post_tag","embeddable":true,"href":"https:\/\/diariodamanhapelotas.com.br\/site\/wp-json\/wp\/v2\/tags?post=148067"}],"curies":[{"name":"wp","href":"https:\/\/api.w.org\/{rel}","templated":true}]}}