{"id":148070,"date":"2025-10-08T14:54:24","date_gmt":"2025-10-08T17:54:24","guid":{"rendered":"https:\/\/diariodamanhapelotas.com.br\/site\/?p=148070"},"modified":"2025-10-08T14:54:24","modified_gmt":"2025-10-08T17:54:24","slug":"pelotas-caminha-para-se-tornar-a-cidade-do-pac-no-rio-grande-do-sul","status":"publish","type":"post","link":"https:\/\/diariodamanhapelotas.com.br\/site\/pelotas-caminha-para-se-tornar-a-cidade-do-pac-no-rio-grande-do-sul\/","title":{"rendered":"Pelotas caminha para se tornar a \u201cCidade do PAC\u201d no Rio Grande do Sul"},"content":{"rendered":"<h3 style=\"text-align: center;\"><em>Em dez meses, atual gest\u00e3o assegurou quase R$ 200 milh\u00f5es para obras estruturantes junto ao programa do governo federal. Somado ao Funrigs e ao Fundo Nacional da Defesa Civil, munic\u00edpio j\u00e1 garantiu quase R$ 400 milh\u00f5es em recursos<\/em><\/h3>\n<p>Pelotas est\u00e1 prestes a se tornar a cidade do Programa de Acelera\u00e7\u00e3o do Crescimento (PAC) no Rio Grande do Sul. Apenas nestes dez meses de gest\u00e3o, a Prefeitura j\u00e1 assegurou R$ 189,8 milh\u00f5es pelo programa do governo federal em \u00e1reas como sa\u00fade, mobilidade urbana e drenagem. Os recursos j\u00e1 est\u00e3o garantidos. Foram selecionados ap\u00f3s a elabora\u00e7\u00e3o, submiss\u00e3o e sele\u00e7\u00e3o de projetos &#8211; preparados, em sua maioria, pelo corpo t\u00e9cnico da Secretaria de Urbanismo (Seurb) e Servi\u00e7o Aut\u00f4nomo de Saneamento de Pelotas (Sanep), com envolvimento da Secretaria de Planejamento e Gest\u00e3o (Seplag).<\/p>\n<p>O PAC, no entanto, n\u00e3o \u00e9 a \u00fanica fonte de receita para as mais que necess\u00e1rias obras estruturantes na cidade. Mas \u00e9 a principal. Al\u00e9m dos projetos apresentados na atual gest\u00e3o, o programa do governo federal vai custear tamb\u00e9m propostas submetidas no ano passado j\u00e1 selecionadas para execu\u00e7\u00e3o (confira lista nesta mat\u00e9ria). No total, at\u00e9 a primeira semana de outubro, o PAC vai disponibilizar para Pelotas R$ 344,9 milh\u00f5es.<\/p>\n<h4 style=\"text-align: center;\"><strong>R$ 400 milh\u00f5es em obras<\/strong><\/h4>\n<p>Al\u00e9m do PAC, o munic\u00edpio tem assegurados R$ 5,2 milh\u00f5es do Fundo Nacional da Defesa Civil para a constru\u00e7\u00e3o da ponte de concreto da Col\u00f4nia de Pescadores Z3 e a reestrutura\u00e7\u00e3o da estrada da Barra. Acrescente-se ainda as verbas previstas pelo Fundo do Plano Rio Grande (Funrigs) para a eleva\u00e7\u00e3o da cota do dique de prote\u00e7\u00e3o do Laranjal para quatro metros, melhoria na casa de bombas do balne\u00e1rio Valverde e escava\u00e7\u00e3o e refor\u00e7o do canal da avenida Esp\u00edrito Santo, tamb\u00e9m na praia, al\u00e9m de obras de drenagem do loteamento Vasco Pires e de recupera\u00e7\u00e3o da estrutura da barragem Santa B\u00e1rbara, a um total estimado de R$ 45,5 milh\u00f5es. Ao todo, at\u00e9 a primeira semana deste m\u00eas, o munic\u00edpio vai administrar quase R$ 400 milh\u00f5es para obras de reconstru\u00e7\u00e3o.<\/p>\n<p>\u201cS\u00f3 em mar\u00e7o, em tr\u00eas meses de governo, submetemos ao Novo PAC R$ 590 milh\u00f5es em projetos\u201d, lembra o chefe do Executivo. De acordo com ele, as solu\u00e7\u00f5es apresentadas s\u00e3o orientadas conforme a plataforma de governo, voltada \u00e0 reconstru\u00e7\u00e3o da cidade, com base em an\u00e1lises e estudos t\u00e9cnicos a partir de ambientes de ensino e pesquisa, como universidades e IFSul, mas, principalmente, da experi\u00eancia de engenheiros e arquitetos que comp\u00f5em o quadro do funcionalismo p\u00fablico municipal. N\u00e3o por acaso, a maioria das interven\u00e7\u00f5es est\u00e3o concentradas nos bairros.<\/p>\n<p>\u201c\u00c9 a nossa prioridade, \u00e9 onde vive a maioria da nossa popula\u00e7\u00e3o e, para al\u00e9m disso, \u00e9 onde se concentram nossas maiores car\u00eancias em termos de infraestrutura &#8211; a reconstru\u00e7\u00e3o, como sempre dissemos, \u00e9 com o povo, tem car\u00e1ter popular\u201d, disse o prefeito. O chefe do Executivo chama aten\u00e7\u00e3o tamb\u00e9m para o potencial que essas obras representam para a economia do munic\u00edpio na gera\u00e7\u00e3o de emprego e renda.<\/p>\n<p>O secret\u00e1rio de Urbanismo, Ot\u00e1vio Peres, destaca ainda outro fator. Conforme ele, o governo federal reconhece na gest\u00e3o um olhar especial sobre Pelotas, especialmente quanto \u00e0 qualidade dos projetos apresentados. \u201cS\u00e3o muito bem elaborados, criteriosamente avaliados, o munic\u00edpio \u00e9 tecnicamente reconhecido pela capacidade de receber e executar esses recursos.\u201d<\/p>\n<h4 style=\"text-align: center;\"><strong>Confira a lista de obras e valores envolvidos em cada uma<\/strong><\/h4>\n<p>Valor total (PAC 2024\/2025, Funrigs, Defesa Civil):<strong> R$ 395,6 milh\u00f5es<\/strong><\/p>\n<h4 style=\"text-align: center;\"><strong>PAC 2025 (aprovados este ano)<\/strong><\/h4>\n<p>Sa\u00fade<\/p>\n<ul>\n<li>Policl\u00ednica Regional: R$ 30 milh\u00f5es<\/li>\n<li>UBS Santa Terezinha: R$ 4,8 milh\u00f5es<\/li>\n<\/ul>\n<p>&#8211; CER4: R$ 11 milh\u00f5es<\/p>\n<p>Total em Sa\u00fade: R$ 45,8 milh\u00f5es<\/p>\n<p>Mobilidade\/Avan\u00e7ar Cidades<\/p>\n<p>&#8211; Avenida Manoel Ant\u00f4nio Peres: R$ 32 milh\u00f5es<\/p>\n<p>&#8211; Avenida Theodoro Muller: R$ 20 milh\u00f5es<\/p>\n<p>Mobilidade \/ ReFrota<\/p>\n<p>* Frota el\u00e9trica: R$ 57 milh\u00f5es (aquisi\u00e7\u00e3o de 15 \u00f4nibus el\u00e9tricos)<\/p>\n<p>Total em Mobilidade: R$ 109 milh\u00f5es<\/p>\n<p>Drenagem\/prote\u00e7\u00e3o<\/p>\n<p>&#8211; Areal Fundos\/Conex\u00f5es S\u00e3o Gon\u00e7alo: R$ 35 milh\u00f5es<\/p>\n<p><strong>Valor Final PAC 2025: RS 189,8 milh\u00f5es<\/strong><\/p>\n<p><strong>PAC 2024 aprovados 2025\u00a0<\/strong><\/p>\n<ul>\n<li>Casar\u00e3o 6 (Museu do Doce): R$ 5 milh\u00f5es<\/li>\n<li>Centro Esportivo Obelisco: R$ 1.8 milh\u00f5es<\/li>\n<li>Emef Darcy Ribeiro: R$ 11 milh\u00f5es (turno integral)<\/li>\n<li>ETE Sim\u00f5es Lopes: R$ 55 milh\u00f5es<\/li>\n<li>ET. S\u00e3o Gon\u00e7alo: R$ 70 milh\u00f5es<\/li>\n<li>Casa de Bombas Farroupilha: R$ 12.3 milh\u00f5es<\/li>\n<li>Hospital UFPEL: (valor n\u00e3o especificado)<\/li>\n<\/ul>\n<p><strong>Valor Final PAC 2024: R$ 155.1 milh\u00f5es<\/strong><\/p>\n<p>Funrigs 2025<\/p>\n<p>Drenagem + Prote\u00e7\u00e3o<\/p>\n<p>&#8211; Loteamento Vasco Pires: R$ 11,5 milh\u00f5es<\/p>\n<p>&#8211; \u2060Dique Estrada do Engenho: R$ 15 milh\u00f5es (em aprova\u00e7\u00e3o)<\/p>\n<p>&#8211; \u2060Dique Valverde+casa de bombas: R$ 25 milh\u00f5es (em aprova\u00e7\u00e3o)<\/p>\n<p>&#8211; \u2060Cabeceira da Barragem canal Santa B\u00e1rbara: R$ 1,3 milh\u00f5es<\/p>\n<p><strong>Total: 45,5 milh\u00f5es<\/strong><\/p>\n<p>Fundo Nacional da Defesa Civil 2025<\/p>\n<p>&#8211; Ponte da Z3: R$ 1,2 milh\u00f5es<\/p>\n<p>&#8211; \u2060Estrada da Barra: R$ 4 milh\u00f5es<\/p>\n<p><strong>Total: 5,2 milh\u00f5es<\/strong><\/p>\n<p>&nbsp;<\/p>\n<p>Foto: Volmer Perez<\/p>\n","protected":false},"excerpt":{"rendered":"<p>Em dez meses, atual gest\u00e3o assegurou quase R$ 200 milh\u00f5es para obras estruturantes junto ao programa do governo federal. Somado ao Funrigs e ao Fundo Nacional da Defesa Civil, munic\u00edpio<\/p>\n","protected":false},"author":3,"featured_media":148071,"comment_status":"closed","ping_status":"closed","sticky":false,"template":"","format":"standard","meta":[],"categories":[305,149],"tags":[],"_links":{"self":[{"href":"https:\/\/diariodamanhapelotas.com.br\/site\/wp-json\/wp\/v2\/posts\/148070"}],"collection":[{"href":"https:\/\/diariodamanhapelotas.com.br\/site\/wp-json\/wp\/v2\/posts"}],"about":[{"href":"https:\/\/diariodamanhapelotas.com.br\/site\/wp-json\/wp\/v2\/types\/post"}],"author":[{"embeddable":true,"href":"https:\/\/diariodamanhapelotas.com.br\/site\/wp-json\/wp\/v2\/users\/3"}],"replies":[{"embeddable":true,"href":"https:\/\/diariodamanhapelotas.com.br\/site\/wp-json\/wp\/v2\/comments?post=148070"}],"version-history":[{"count":1,"href":"https:\/\/diariodamanhapelotas.com.br\/site\/wp-json\/wp\/v2\/posts\/148070\/revisions"}],"predecessor-version":[{"id":148072,"href":"https:\/\/diariodamanhapelotas.com.br\/site\/wp-json\/wp\/v2\/posts\/148070\/revisions\/148072"}],"wp:featuredmedia":[{"embeddable":true,"href":"https:\/\/diariodamanhapelotas.com.br\/site\/wp-json\/wp\/v2\/media\/148071"}],"wp:attachment":[{"href":"https:\/\/diariodamanhapelotas.com.br\/site\/wp-json\/wp\/v2\/media?parent=148070"}],"wp:term":[{"taxonomy":"category","embeddable":true,"href":"https:\/\/diariodamanhapelotas.com.br\/site\/wp-json\/wp\/v2\/categories?post=148070"},{"taxonomy":"post_tag","embeddable":true,"href":"https:\/\/diariodamanhapelotas.com.br\/site\/wp-json\/wp\/v2\/tags?post=148070"}],"curies":[{"name":"wp","href":"https:\/\/api.w.org\/{rel}","templated":true}]}}