{"id":148073,"date":"2025-10-08T19:52:07","date_gmt":"2025-10-08T22:52:07","guid":{"rendered":"https:\/\/diariodamanhapelotas.com.br\/site\/?p=148073"},"modified":"2025-10-08T19:52:07","modified_gmt":"2025-10-08T22:52:07","slug":"3a-maratona-sesc-de-pelotas-reunira-mais-de-3-600-atletas-neste-domingo-12","status":"publish","type":"post","link":"https:\/\/diariodamanhapelotas.com.br\/site\/3a-maratona-sesc-de-pelotas-reunira-mais-de-3-600-atletas-neste-domingo-12\/","title":{"rendered":"3\u00aa Maratona Sesc de Pelotas reunir\u00e1 mais de 3.600 atletas neste domingo (12)"},"content":{"rendered":"<h3 style=\"text-align: center;\"><em>Competi\u00e7\u00e3o ter\u00e1 provas de diferentes dist\u00e2ncias e contar\u00e1 com a presen\u00e7a do maratonista ol\u00edmpico Vanderlei Cordeiro de Lima<\/em><\/h3>\n<p>Respons\u00e1vel por colocar a Capital do Doce no mapa das grandes corridas do pa\u00eds, a\u00a03\u00aa Maratona Sesc de Pelotas\u00a0acontecer\u00e1\u00a0neste domingo, dia 12 de outubro, com largada no Mercado P\u00fablico Municipal, um dos pontos tur\u00edsticos mais tradicionais da cidade. As provas de 42km (maratona) e 21km (meia maratona) ter\u00e3o largada \u00e0s 6h30, e r\u00fasticas menores de 5km e 10km come\u00e7am \u00e0s 9h, j\u00e1 a caminhada participativa iniciar\u00e1 \u00e0s 10h.<\/p>\n<p>Ao todo, 3.621 atletas de diversas regi\u00f5es do Brasil est\u00e3o inscritos para a competi\u00e7\u00e3o, que tem como objetivos incentivar a pr\u00e1tica esportiva, estimular h\u00e1bitos saud\u00e1veis e promover a qualidade de vida, al\u00e9m de fortalecer o turismo regional. Entre os participantes confirmados, est\u00e3o corredores de v\u00e1rias cidades ga\u00fachas e de estados como Cear\u00e1, Paran\u00e1 e S\u00e3o Paulo.<\/p>\n<p>Neste ano, a Maratona ter\u00e1 um convidado ilustre: o maratonista ol\u00edmpico\u00a0Vanderlei Cordeiro de Limaacompanhar\u00e1 o evento esportivo e ainda participar\u00e1 da prova de 5km. Com uma carreira marcada por conquistas e supera\u00e7\u00e3o, Vanderlei \u00e9 reconhecido mundialmente pelo bronze na maratona dos Jogos Ol\u00edmpicos de Atenas 2004.<\/p>\n<p>\u201cA Maratona \u00e9 muito mais do que uma corrida: \u00e9 uma celebra\u00e7\u00e3o da sa\u00fade, do esporte e da nossa cidade. Ver Pelotas recebendo atletas de todo o Brasil e, ainda, contar com a inspira\u00e7\u00e3o do Vanderlei Cordeiro de Lima torna esta edi\u00e7\u00e3o mais do que especial. \u00c9 um orgulho para o Sesc e para a comunidade viver esse momento juntos\u201d, orgulha-se o diretor do Sesc Pelotas, Lu\u00eds Fernando Parada.<\/p>\n<p>A premia\u00e7\u00e3o contempla diversas modalidades e categorias. Todos os participantes que conclu\u00edrem as provas receber\u00e3o medalhas de participa\u00e7\u00e3o proporcionais \u00e0 dist\u00e2ncia percorrida. Tamb\u00e9m haver\u00e1 trof\u00e9us para os melhores colocados por categoria e na classifica\u00e7\u00e3o geral. Al\u00e9m disso, pr\u00eamios especiais como finais de semana em hot\u00e9is do Sesc\/RS e valores que somam at\u00e9 R$ 6 mil ser\u00e3o distribu\u00eddos entre os cinco primeiros colocados da Maratona. A 3\u00aa Maratona Sesc de Pelotas \u00e9 realizada pelo Sistema Fecom\u00e9rcio-RS\/Sesc\/Senac e IFEP, por meio da Ger\u00eancia de Esporte e Lazer do Sesc\/RS e da Unidade Sesc Pelotas, em parceria com a Prefeitura Municipal.<\/p>\n<h4 style=\"text-align: center;\">Servi\u00e7o:<\/h4>\n<p><strong>3\u00aa Maratona Sesc de Pelotas &#8211; Sesc\/RS<\/strong><\/p>\n<p><strong>Data:<\/strong>\u00a012\/10\/2025<\/p>\n<p><strong>Local:<\/strong>\u00a0Largada do Mercado P\u00fablico Municipal de Pelotas<\/p>\n<p><strong>Hor\u00e1rio:\u00a0<\/strong>6h30 (maratona e meia maratona), 9h (5km e 10km) e 10h (caminhada)<\/p>\n<p><strong>Categorias:\u00a0<\/strong>42km, 21km, 10km, 5km e caminhada participativa<\/p>\n","protected":false},"excerpt":{"rendered":"<p>Competi\u00e7\u00e3o ter\u00e1 provas de diferentes dist\u00e2ncias e contar\u00e1 com a presen\u00e7a do maratonista ol\u00edmpico Vanderlei Cordeiro de Lima Respons\u00e1vel por colocar a Capital do Doce no mapa das grandes corridas<\/p>\n","protected":false},"author":34,"featured_media":137109,"comment_status":"closed","ping_status":"closed","sticky":false,"template":"","format":"standard","meta":[],"categories":[305,29],"tags":[],"_links":{"self":[{"href":"https:\/\/diariodamanhapelotas.com.br\/site\/wp-json\/wp\/v2\/posts\/148073"}],"collection":[{"href":"https:\/\/diariodamanhapelotas.com.br\/site\/wp-json\/wp\/v2\/posts"}],"about":[{"href":"https:\/\/diariodamanhapelotas.com.br\/site\/wp-json\/wp\/v2\/types\/post"}],"author":[{"embeddable":true,"href":"https:\/\/diariodamanhapelotas.com.br\/site\/wp-json\/wp\/v2\/users\/34"}],"replies":[{"embeddable":true,"href":"https:\/\/diariodamanhapelotas.com.br\/site\/wp-json\/wp\/v2\/comments?post=148073"}],"version-history":[{"count":1,"href":"https:\/\/diariodamanhapelotas.com.br\/site\/wp-json\/wp\/v2\/posts\/148073\/revisions"}],"predecessor-version":[{"id":148074,"href":"https:\/\/diariodamanhapelotas.com.br\/site\/wp-json\/wp\/v2\/posts\/148073\/revisions\/148074"}],"wp:featuredmedia":[{"embeddable":true,"href":"https:\/\/diariodamanhapelotas.com.br\/site\/wp-json\/wp\/v2\/media\/137109"}],"wp:attachment":[{"href":"https:\/\/diariodamanhapelotas.com.br\/site\/wp-json\/wp\/v2\/media?parent=148073"}],"wp:term":[{"taxonomy":"category","embeddable":true,"href":"https:\/\/diariodamanhapelotas.com.br\/site\/wp-json\/wp\/v2\/categories?post=148073"},{"taxonomy":"post_tag","embeddable":true,"href":"https:\/\/diariodamanhapelotas.com.br\/site\/wp-json\/wp\/v2\/tags?post=148073"}],"curies":[{"name":"wp","href":"https:\/\/api.w.org\/{rel}","templated":true}]}}