{"id":148075,"date":"2025-10-09T09:40:17","date_gmt":"2025-10-09T12:40:17","guid":{"rendered":"https:\/\/diariodamanhapelotas.com.br\/site\/?p=148075"},"modified":"2025-10-09T09:40:17","modified_gmt":"2025-10-09T12:40:17","slug":"o-dia-em-que-a-terra-parou-para-ouvir-raul","status":"publish","type":"post","link":"https:\/\/diariodamanhapelotas.com.br\/site\/o-dia-em-que-a-terra-parou-para-ouvir-raul\/","title":{"rendered":"O Dia Em que a Terra Parou Para Ouvir Raul!"},"content":{"rendered":"<p style=\"text-align: center;\"><em><strong>Marcelo Gonzales*<\/strong><\/em><\/p>\n<p style=\"text-align: center;\"><em><strong>@celogonzales @vidadevinil<\/strong><\/em><\/p>\n<p>Hoje n\u00e3o \u00e9 s\u00f3 mais um dia, o mundo celebra Raul Seixas com o lan\u00e7amento no Fant\u00e1stico, em 1977, de um clipe que atravessa o tempo e nos convida a ouvir, sentir e pensar. Hoje, essas linhas v\u00e3o riscar em torno de Raul, porque tocar Raul \u00e9 tocar mem\u00f3rias, tocar inf\u00e2ncia, juventude, sonhos e revoltas. \u00c9 lembrar que h\u00e1 de ser tudo da lei, que a liberdade \u00e9 um manifesto di\u00e1rio, que cada acorde \u00e9 magia pura.<\/p>\n<p>\u201cFaz o que tu queres, h\u00e1 de ser tudo da lei.\u201d (Sociedade Alternativa)<\/p>\n<p>Raul Seixas n\u00e3o \u00e9 apenas m\u00fasica, \u00e9 filosofia, \u00e9 choque de realidade, \u00e9 luz e energia. Mesmo quando o tempo passa, ele permanece vivo na nossa mem\u00f3ria, atravessando gera\u00e7\u00f5es. Jovens que nunca o conheceram na r\u00e1dio dos pais ou em fitas cassete, ainda hoje descobrem e se apaixonam pelo rock, pelas ideias, pelo esp\u00edrito rebelde e genial.<\/p>\n<p>Outubro de 1980 marcou o lan\u00e7amento do \u00e1lbum Abre-te S\u00e9samo, e mesmo que n\u00e3o tenhamos a data exata, sabemos que ele chegou ao mundo carregado de coragem. M\u00fasicas como Rock das \u201cAranha\u201d e Aluga-se enfrentaram censura e se tornaram s\u00edmbolos de irrever\u00eancia e aud\u00e1cia. Raul era r\u00fastico, visceral, brasileiro, e tamb\u00e9m assim \u00e9 Capim Guin\u00e9, m\u00fasica que respira terra, raiz e o sopro de uma vida intensa.<\/p>\n<p>E como n\u00e3o lembrar de Gita ou de Meu Amigo Pedro, Ouro de Tolo, Tente Outra Vez, Maluco Beleza, Metamorfose Ambulante? Cada can\u00e7\u00e3o \u00e9 um portal. Cada vinil tocado \u00e9 mem\u00f3ria que dan\u00e7a. Raul nos ensinou que n\u00e3o se trata de vencer, mas de sentir, de ser, de existir em liberdade.<\/p>\n<p>Hoje, com anos do lan\u00e7amento do clipe, a experi\u00eancia permanece. \u00c9 como se a imagem desse mestre surgisse diante dos nossos olhos e nos falasse direto, em cores, luz, movimento, trazendo \u00e0 tona tudo aquilo que ouvimos, sentimos e guardamos em n\u00f3s desde o primeiro acorde. \u00c9 o passado que se encontra com o presente, \u00e9 a m\u00fasica que n\u00e3o envelhece, \u00e9 Raul que nunca morreu.<\/p>\n<p>E n\u00e3o \u00e9 s\u00f3 a emo\u00e7\u00e3o do hoje. \u00c9 a for\u00e7a da discografia, do legado. Cada \u00e1lbum&#8230; Krig-ha Bandolo!, Gita, Novo Aeon, Abre-te S\u00e9samo, \u00e9 uma viagem, um manifesto, uma oportunidade de entender a sociedade, a liberdade, a poesia e o absurdo da vida. Raul dialogou com o ontem, o hoje e o amanh\u00e3, sempre provocando, sempre lembrando que a vida n\u00e3o pode ser engessada, que a rebeldia \u00e9 necess\u00e1ria e que a m\u00fasica \u00e9 sagrada.<\/p>\n<p>Ent\u00e3o eu paro e escuto, e voc\u00ea deve parar tamb\u00e9m. Hoje celebramos Raul com o clipe, mas cada segundo de vinil, cada letra, cada acorde, \u00e9 uma eternidade. \u00c9 imposs\u00edvel ouvir \u201cOuro de Tolo\u201d sem refletir sobre o valor da vida, \u00e9 imposs\u00edvel ouvir Sociedade Alternativa sem sentir a liberdade explodindo dentro de n\u00f3s, \u00e9 imposs\u00edvel ouvir Capim Guin\u00e9 sem perceber a poesia no simples, no r\u00fastico, no brasileiro.<\/p>\n<p>E se voc\u00ea me perguntar o que sobra depois de tudo isso, eu respondo com o grito que atravessa o tempo: TOCA RAUL!<\/p>\n<p>E amanh\u00e3? Amanh\u00e3 tem mais m\u00fasica, mais hist\u00f3ria, mais emo\u00e7\u00e3o, mais Raul. Te espero de novo por aqui para continuarmos essa viagem pelo tempo, pela mem\u00f3ria e pelo rock que atravessa gera\u00e7\u00f5es.<\/p>\n<p style=\"text-align: right;\"><em>*Marcelo Gonzales \u00e9 autor do blog Que Dia \u00e9 Hoje?, vive entre discos de vinil e muita m\u00eddia f\u00edsica, sempre atento \u00e0 m\u00fasica, \u00e0 cultura e ao jornalismo, compartilhando hist\u00f3rias que conectam gera\u00e7\u00f5es.<\/em><\/p>\n","protected":false},"excerpt":{"rendered":"<p>Marcelo Gonzales* @celogonzales @vidadevinil Hoje n\u00e3o \u00e9 s\u00f3 mais um dia, o mundo celebra Raul Seixas com o lan\u00e7amento no Fant\u00e1stico, em 1977, de um clipe que atravessa o tempo<\/p>\n","protected":false},"author":3,"featured_media":148076,"comment_status":"closed","ping_status":"closed","sticky":false,"template":"","format":"standard","meta":[],"categories":[305,32],"tags":[],"_links":{"self":[{"href":"https:\/\/diariodamanhapelotas.com.br\/site\/wp-json\/wp\/v2\/posts\/148075"}],"collection":[{"href":"https:\/\/diariodamanhapelotas.com.br\/site\/wp-json\/wp\/v2\/posts"}],"about":[{"href":"https:\/\/diariodamanhapelotas.com.br\/site\/wp-json\/wp\/v2\/types\/post"}],"author":[{"embeddable":true,"href":"https:\/\/diariodamanhapelotas.com.br\/site\/wp-json\/wp\/v2\/users\/3"}],"replies":[{"embeddable":true,"href":"https:\/\/diariodamanhapelotas.com.br\/site\/wp-json\/wp\/v2\/comments?post=148075"}],"version-history":[{"count":1,"href":"https:\/\/diariodamanhapelotas.com.br\/site\/wp-json\/wp\/v2\/posts\/148075\/revisions"}],"predecessor-version":[{"id":148077,"href":"https:\/\/diariodamanhapelotas.com.br\/site\/wp-json\/wp\/v2\/posts\/148075\/revisions\/148077"}],"wp:featuredmedia":[{"embeddable":true,"href":"https:\/\/diariodamanhapelotas.com.br\/site\/wp-json\/wp\/v2\/media\/148076"}],"wp:attachment":[{"href":"https:\/\/diariodamanhapelotas.com.br\/site\/wp-json\/wp\/v2\/media?parent=148075"}],"wp:term":[{"taxonomy":"category","embeddable":true,"href":"https:\/\/diariodamanhapelotas.com.br\/site\/wp-json\/wp\/v2\/categories?post=148075"},{"taxonomy":"post_tag","embeddable":true,"href":"https:\/\/diariodamanhapelotas.com.br\/site\/wp-json\/wp\/v2\/tags?post=148075"}],"curies":[{"name":"wp","href":"https:\/\/api.w.org\/{rel}","templated":true}]}}