{"id":148078,"date":"2025-10-09T09:44:43","date_gmt":"2025-10-09T12:44:43","guid":{"rendered":"https:\/\/diariodamanhapelotas.com.br\/site\/?p=148078"},"modified":"2025-10-09T09:44:43","modified_gmt":"2025-10-09T12:44:43","slug":"fenadoce-anuncia-datas-de-pre-inscricao-para-expositores-da-edicao-de-2026","status":"publish","type":"post","link":"https:\/\/diariodamanhapelotas.com.br\/site\/fenadoce-anuncia-datas-de-pre-inscricao-para-expositores-da-edicao-de-2026\/","title":{"rendered":"Fenadoce anuncia datas de pr\u00e9-inscri\u00e7\u00e3o para expositores da edi\u00e7\u00e3o de 2026"},"content":{"rendered":"<h3 style=\"text-align: center;\"><em>O cadastro poder\u00e1 ser realizado atrav\u00e9s do site da feira seguindo as datas estipuladas pela comiss\u00e3o organizadora<\/em><\/h3>\n<p>Iniciando as prepara\u00e7\u00f5es para a 32\u00aa edi\u00e7\u00e3o da Fenadoce, a C\u00e2mara de Dirigentes Lojistas de Pelotas (CDL) abre nesta semana o calend\u00e1rio de pr\u00e9-inscri\u00e7\u00f5es para os expositores. A entidade, respons\u00e1vel pela organiza\u00e7\u00e3o da feira, definiu as datas e prazos para os interessados em garantir um espa\u00e7o tanto na\u00a0\u00c1rea Central (Multifeira)\u00a0quanto na\u00a0Pra\u00e7a de Alimenta\u00e7\u00e3o. O processo de pr\u00e9-inscri\u00e7\u00e3o ser\u00e1 realizado exclusivamente pelo site\u00a0www.fenadoce.com.br, e todas as solicita\u00e7\u00f5es ser\u00e3o avaliadas pela comiss\u00e3o organizadora. A 32\u00aa Fenadoce acontece entre os dias 15 de julho e 02 de agosto de 2026, no Centro de Eventos da Fenadoce, em Pelotas\/RS.<\/p>\n<p>Entre os dias 10 e 16 de outubro, as pr\u00e9-inscri\u00e7\u00f5es estar\u00e3o abertas para os associados da CDL Pelotas com projeto de montagem especial de estande.\u00a0\u00a0A reserva do espa\u00e7o ser\u00e1 oficializada somente ap\u00f3s a aprova\u00e7\u00e3o do projeto, feito pela comiss\u00e3o organizadora da Fenadoce.<\/p>\n<p>De 17\u00a0a 23 de outubro, os demais Associados CDL Pelotas poder\u00e3o realizar a solicita\u00e7\u00e3o para a \u00c1rea Central (Setor Multifeira). J\u00e1 de 24 a 30 de outubro, estar\u00e3o abertas as pr\u00e9-inscri\u00e7\u00f5es para os n\u00e3o associados com interesse em estandes na \u00c1rea Central (Setor Multifeira).<\/p>\n<p>Conforme o Estatuto Social da CDL Pelotas, os n\u00e3o associados necessitar\u00e3o se associar \u00e0 entidade, caso sejam aprovados, para garantir a participa\u00e7\u00e3o na 32\u00aa Fenadoce.<\/p>\n<p>O calend\u00e1rio ainda contempla os interessados em ter um espa\u00e7o na Pra\u00e7a de Alimenta\u00e7\u00e3o, cujas pr\u00e9-inscri\u00e7\u00f5es dever\u00e3o ser feitas entre os dias 27 e 31 de outubro.<\/p>\n<p>Demais informa\u00e7\u00f5es poder\u00e3o ser adquiridas atrav\u00e9s do telefone:\u00a0(53) 9 9141-3295, entre\u00a08h\u00a0e\u00a018h, de segunda \u00e0 sexta-feira.<\/p>\n<p>Foto: Alair J\u00fanior\/Fenadoce<\/p>\n","protected":false},"excerpt":{"rendered":"<p>O cadastro poder\u00e1 ser realizado atrav\u00e9s do site da feira seguindo as datas estipuladas pela comiss\u00e3o organizadora Iniciando as prepara\u00e7\u00f5es para a 32\u00aa edi\u00e7\u00e3o da Fenadoce, a C\u00e2mara de Dirigentes<\/p>\n","protected":false},"author":3,"featured_media":148079,"comment_status":"closed","ping_status":"closed","sticky":false,"template":"","format":"standard","meta":[],"categories":[305,149],"tags":[],"_links":{"self":[{"href":"https:\/\/diariodamanhapelotas.com.br\/site\/wp-json\/wp\/v2\/posts\/148078"}],"collection":[{"href":"https:\/\/diariodamanhapelotas.com.br\/site\/wp-json\/wp\/v2\/posts"}],"about":[{"href":"https:\/\/diariodamanhapelotas.com.br\/site\/wp-json\/wp\/v2\/types\/post"}],"author":[{"embeddable":true,"href":"https:\/\/diariodamanhapelotas.com.br\/site\/wp-json\/wp\/v2\/users\/3"}],"replies":[{"embeddable":true,"href":"https:\/\/diariodamanhapelotas.com.br\/site\/wp-json\/wp\/v2\/comments?post=148078"}],"version-history":[{"count":1,"href":"https:\/\/diariodamanhapelotas.com.br\/site\/wp-json\/wp\/v2\/posts\/148078\/revisions"}],"predecessor-version":[{"id":148080,"href":"https:\/\/diariodamanhapelotas.com.br\/site\/wp-json\/wp\/v2\/posts\/148078\/revisions\/148080"}],"wp:featuredmedia":[{"embeddable":true,"href":"https:\/\/diariodamanhapelotas.com.br\/site\/wp-json\/wp\/v2\/media\/148079"}],"wp:attachment":[{"href":"https:\/\/diariodamanhapelotas.com.br\/site\/wp-json\/wp\/v2\/media?parent=148078"}],"wp:term":[{"taxonomy":"category","embeddable":true,"href":"https:\/\/diariodamanhapelotas.com.br\/site\/wp-json\/wp\/v2\/categories?post=148078"},{"taxonomy":"post_tag","embeddable":true,"href":"https:\/\/diariodamanhapelotas.com.br\/site\/wp-json\/wp\/v2\/tags?post=148078"}],"curies":[{"name":"wp","href":"https:\/\/api.w.org\/{rel}","templated":true}]}}